
{"id":24559,"date":"2013-02-26T18:52:41","date_gmt":"2013-02-26T21:52:41","guid":{"rendered":"http:\/\/www.sudoestehoje.com.br\/novoportal\/?p=24559"},"modified":"2013-02-26T18:53:45","modified_gmt":"2013-02-26T21:53:45","slug":"deputado-quer-ciretran-em-itororo","status":"publish","type":"post","link":"https:\/\/www.sudoestehoje.com.br\/novoportal\/2013\/02\/26\/deputado-quer-ciretran-em-itororo\/","title":{"rendered":"DEPUTADO QUER CIRETRAN EM ITOROR\u00d3"},"content":{"rendered":"<p><img decoding=\"async\" class=\"alignleft\" src=\"http:\/\/www.pimenta.blog.br\/wp-content\/uploads\/coronel_gilberto_santana2-300x209.jpg\" alt=\"coronel_gilberto_santana2\" \/>O deputado estadual\u00a0<strong>Gilberto Santana<\/strong>\u00a0(PTN) encaminhou indica\u00e7\u00e3o ao Governo da Bahia, na qual sugere que o munic\u00edpio de Itoror\u00f3 seja sede de uma Circunscri\u00e7\u00e3o Regional de Tr\u00e2nsito (Ciretran). Para o parlamentar, o aumento da frota de ve\u00edculos na localidade justifica a solicita\u00e7\u00e3o.<\/p>\n<p>Santana sustenta ainda que, caso Itoror\u00f3 receba uma Ciretran, o servi\u00e7o poder\u00e1 atender a mais seis munic\u00edpios: Itaj\u00fa do Col\u00f4nia, Firmino Alves, Nova Cana\u00e3, Ibicu\u00ed, Igua\u00ed e Santa Cruz da Vit\u00f3ria.<\/p>\n<p>Atualmente, Itoror\u00f3 est\u00e1 na \u00e1rea de abrang\u00eancia da 19\u00aa Ciretran, com sede em Itapetinga, a 29 quil\u00f4metros de dist\u00e2ncia.<\/p>\n","protected":false},"excerpt":{"rendered":"<p>O deputado estadual\u00a0Gilberto Santana\u00a0(PTN) encaminhou indica\u00e7\u00e3o ao Governo da Bahia, na qual sugere que o munic\u00edpio de Itoror\u00f3 seja sede de uma Circunscri\u00e7\u00e3o Regional de Tr\u00e2nsito (Ciretran). Para o parlamentar, o aumento da frota de ve\u00edculos na localidade justifica a solicita\u00e7\u00e3o. Santana sustenta ainda que, caso Itoror\u00f3 receba uma Ciretran, o servi\u00e7o poder\u00e1 atender a [&hellip;]<\/p>\n","protected":false},"author":2,"featured_media":0,"comment_status":"open","ping_status":"open","sticky":false,"template":"","format":"standard","meta":{"footnotes":"","_links_to":"","_links_to_target":""},"categories":[1],"tags":[],"class_list":["post-24559","post","type-post","status-publish","format-standard","hentry","category-geral"],"views":1401,"_links":{"self":[{"href":"https:\/\/www.sudoestehoje.com.br\/novoportal\/wp-json\/wp\/v2\/posts\/24559","targetHints":{"allow":["GET"]}}],"collection":[{"href":"https:\/\/www.sudoestehoje.com.br\/novoportal\/wp-json\/wp\/v2\/posts"}],"about":[{"href":"https:\/\/www.sudoestehoje.com.br\/novoportal\/wp-json\/wp\/v2\/types\/post"}],"author":[{"embeddable":true,"href":"https:\/\/www.sudoestehoje.com.br\/novoportal\/wp-json\/wp\/v2\/users\/2"}],"replies":[{"embeddable":true,"href":"https:\/\/www.sudoestehoje.com.br\/novoportal\/wp-json\/wp\/v2\/comments?post=24559"}],"version-history":[{"count":3,"href":"https:\/\/www.sudoestehoje.com.br\/novoportal\/wp-json\/wp\/v2\/posts\/24559\/revisions"}],"predecessor-version":[{"id":24562,"href":"https:\/\/www.sudoestehoje.com.br\/novoportal\/wp-json\/wp\/v2\/posts\/24559\/revisions\/24562"}],"wp:attachment":[{"href":"https:\/\/www.sudoestehoje.com.br\/novoportal\/wp-json\/wp\/v2\/media?parent=24559"}],"wp:term":[{"taxonomy":"category","embeddable":true,"href":"https:\/\/www.sudoestehoje.com.br\/novoportal\/wp-json\/wp\/v2\/categories?post=24559"},{"taxonomy":"post_tag","embeddable":true,"href":"https:\/\/www.sudoestehoje.com.br\/novoportal\/wp-json\/wp\/v2\/tags?post=24559"}],"curies":[{"name":"wp","href":"https:\/\/api.w.org\/{rel}","templated":true}]}}