
{"id":2455,"date":"2010-12-06T22:16:48","date_gmt":"2010-12-07T01:16:48","guid":{"rendered":"http:\/\/www.sudoestehoje.com.br\/novoportal\/?p=2455"},"modified":"2010-12-06T22:16:48","modified_gmt":"2010-12-07T01:16:48","slug":"caminhao-tomba-na-ribanceira-do-marcal","status":"publish","type":"post","link":"https:\/\/www.sudoestehoje.com.br\/novoportal\/2010\/12\/06\/caminhao-tomba-na-ribanceira-do-marcal\/","title":{"rendered":"CAMINH\u00c3O TOMBA NA RIBANCEIRA DO MAR\u00c7AL"},"content":{"rendered":"<p style=\"text-align: center;\"><img loading=\"lazy\" decoding=\"async\" class=\"aligncenter\" title=\"acidente\" src=\"http:\/\/www.blogdaresenhageral.com.br\/v1\/wp-content\/uploads\/acidente1.jpg\" alt=\"\" width=\"500\" height=\"335\" \/><\/p>\n<p>Na manh\u00e3 de hoje (segunda-feira) um caminh\u00e3o com a placa de S\u00e3o Paulo e que transportava sapatos e sand\u00e1lias AREZZO caiu na ribanceira da Serra do Mar\u00e7al. Segundo informa\u00e7\u00f5es obtidas pelo Blog da Resenha Geral, o motorista, Antenor Basseto, de aproximadamente 65 anos, perdeu o freio do ve\u00edculo e acabou sofrendo o acidente.<\/p>\n<p>Grande parte da mercadoria foi tomada pela popula\u00e7\u00e3o que reside nas proximidades do local. A equipe do Samu 192 tomou as devidas provid\u00eancias com a v\u00edtima, que sofreu escoria\u00e7\u00f5es leves e foi encaminhada para o Hospital de Base.<\/p>\n<p>Soldados da Pol\u00edcia Militar tamb\u00e9m deram assist\u00eancia e aguardavam a chegada de um caminh\u00e3o guincho para retirar o ve\u00edculo.<\/p>\n<p>Por Rodrigo Ferraz (Blog da Resenha Geral)<\/p>\n","protected":false},"excerpt":{"rendered":"<p>Na manh\u00e3 de hoje (segunda-feira) um caminh\u00e3o com a placa de S\u00e3o Paulo e que transportava sapatos e sand\u00e1lias AREZZO caiu na ribanceira da Serra do Mar\u00e7al. Segundo informa\u00e7\u00f5es obtidas pelo Blog da Resenha Geral, o motorista, Antenor Basseto, de aproximadamente 65 anos, perdeu o freio do ve\u00edculo e acabou sofrendo o acidente. Grande parte [&hellip;]<\/p>\n","protected":false},"author":2,"featured_media":0,"comment_status":"open","ping_status":"open","sticky":false,"template":"","format":"standard","meta":{"footnotes":"","_links_to":"","_links_to_target":""},"categories":[1],"tags":[],"class_list":["post-2455","post","type-post","status-publish","format-standard","hentry","category-geral"],"views":2142,"_links":{"self":[{"href":"https:\/\/www.sudoestehoje.com.br\/novoportal\/wp-json\/wp\/v2\/posts\/2455","targetHints":{"allow":["GET"]}}],"collection":[{"href":"https:\/\/www.sudoestehoje.com.br\/novoportal\/wp-json\/wp\/v2\/posts"}],"about":[{"href":"https:\/\/www.sudoestehoje.com.br\/novoportal\/wp-json\/wp\/v2\/types\/post"}],"author":[{"embeddable":true,"href":"https:\/\/www.sudoestehoje.com.br\/novoportal\/wp-json\/wp\/v2\/users\/2"}],"replies":[{"embeddable":true,"href":"https:\/\/www.sudoestehoje.com.br\/novoportal\/wp-json\/wp\/v2\/comments?post=2455"}],"version-history":[{"count":4,"href":"https:\/\/www.sudoestehoje.com.br\/novoportal\/wp-json\/wp\/v2\/posts\/2455\/revisions"}],"predecessor-version":[{"id":2459,"href":"https:\/\/www.sudoestehoje.com.br\/novoportal\/wp-json\/wp\/v2\/posts\/2455\/revisions\/2459"}],"wp:attachment":[{"href":"https:\/\/www.sudoestehoje.com.br\/novoportal\/wp-json\/wp\/v2\/media?parent=2455"}],"wp:term":[{"taxonomy":"category","embeddable":true,"href":"https:\/\/www.sudoestehoje.com.br\/novoportal\/wp-json\/wp\/v2\/categories?post=2455"},{"taxonomy":"post_tag","embeddable":true,"href":"https:\/\/www.sudoestehoje.com.br\/novoportal\/wp-json\/wp\/v2\/tags?post=2455"}],"curies":[{"name":"wp","href":"https:\/\/api.w.org\/{rel}","templated":true}]}}