
{"id":24488,"date":"2013-02-23T10:07:59","date_gmt":"2013-02-23T13:07:59","guid":{"rendered":"http:\/\/www.sudoestehoje.com.br\/novoportal\/?p=24488"},"modified":"2013-02-24T00:18:35","modified_gmt":"2013-02-24T03:18:35","slug":"apae-esclarece","status":"publish","type":"post","link":"https:\/\/www.sudoestehoje.com.br\/novoportal\/2013\/02\/23\/apae-esclarece\/","title":{"rendered":"APAE ESCLARECE"},"content":{"rendered":"<p style=\"text-align: center;\"><img decoding=\"async\" class=\"aligncenter\" src=\"http:\/\/1.bp.blogspot.com\/-eRooFlRT_58\/UGxUoZeur8I\/AAAAAAAAASI\/j3aNtcEMQMM\/s1600\/PROGRAMACAO-DA-SEMANA-DA-CRIANCA-E-SEMANA-DO-EXCEPCIONAL.jpg\" alt=\"\" width=\"400\" \/><\/p>\n<p>&nbsp;<\/p>\n<p>Prezado Blogueiro, em face da noticia veiculada no Sudoeste Hoje em, 21\/02\/2013, solicito de vossa senhoria o devido espa\u00e7o para apresentar os esclarecimentos necess\u00e1rios, certa de que a verdade dever\u00e1 prevalecer em quaisquer circunst\u00e2ncias, e que este veiculo de informa\u00e7\u00e3o prima por este principio, desde j\u00e1 agrade\u00e7o. Confira nota de esclarecimento&#8230;<!--more--><\/p>\n<p style=\"text-align: center;\">NOTA DE ESCLARECIMENTO<\/p>\n<p>A APAE de Itapetinga, juntamente com diversos prestadores de servi\u00e7os em nossa cidade, voltados a \u00e1rea de sa\u00fade, conveniados ao Poder P\u00fablico atrav\u00e9s do Servi\u00e7o \u00danico de Sa\u00fade \u2013 SUS, depende de recursos que prestados os espec\u00edficos servi\u00e7os, recebem do nosso Munic\u00edpio, atrav\u00e9s do Comando \u00danico, conforme orienta\u00e7\u00e3o determinada pelo Governo Federal.<\/p>\n<p>Lamentavelmente, em raz\u00e3o da pr\u00f3pria din\u00e2mica (Burocracia) do sistema, tem criado a todos os prestadores uma s\u00e9rie de problemas no tocante ao recebimento dos recursos prestados, haja vista as in\u00fameras exig\u00eancias para declara\u00e7\u00e3o e comprova\u00e7\u00e3o da execu\u00e7\u00e3o dos referidos servi\u00e7os, o que implica em uma fiscaliza\u00e7\u00e3o pelo Poder P\u00fablico, demanda de tempo para verifica\u00e7\u00e3o dos procedimentos, bem como a necessidade constante da institui\u00e7\u00e3o se amoldar as eventuais e inusitadas solicita\u00e7\u00f5es do dito sistema.<\/p>\n<p>N\u00e3o obstante, sens\u00edvel aos problemas causados a todos os prestadores, e principalmente aos nossos funcion\u00e1rios, considerando ainda que j\u00e1 vivemos tempos mais dif\u00edceis, temos buscado de todas as formas amenizar a crise, o que n\u00e3o tem sido tarefa das mais f\u00e1ceis.<\/p>\n<p>No entanto, inerte as disputas ideol\u00f3gicas que permeiam o meio pol\u00edtico de nossa cidade, a Presidente da APAE de Itapetinga n\u00e3o poderia em hip\u00f3tese alguma\u00a0 deixar de se manifestar quanto supracitada noticia, e deixar clara a sua indigna\u00e7\u00e3o, quanto ao uso indevido de seu nome, inclusive, relatando fato n\u00e3o ocorrido, que n\u00e3o condiz com a verdade, A APAE salvo os problemas que certamente afetam n\u00e3o somente ela mais a todos os prestadores de servi\u00e7os do SUS, nunca deixou de ser tratada pela import\u00e2ncia que tem a APAE de Itapetinga, n\u00e3o a pessoa de Vandi Santos, que tamb\u00e9m nunca foi destratada ou sequer com indiferen\u00e7a por qualquer funcion\u00e1rio p\u00fablico municipal. Ademais, ainda que tenhamos nossas queixas, e estejamos vivendo momentos nebulosos em todos os setores, h\u00e1 que se falar a grandiosa contribui\u00e7\u00e3o que a atual administra\u00e7\u00e3o tem dedicado nos \u00faltimos anos, indiferente dos problemas atuais, o que sem duvida \u00e9 fruto do nosso trabalho alheio as prefer\u00eancias pol\u00edticas, apartid\u00e1rio, voltado apenas a quem realmente precisa de aten\u00e7\u00e3o, nossos Especiais.<\/p>\n<p>Dire\u00e7\u00e3o da APAE Itapetinga<\/p>\n<p>&nbsp;<\/p>\n","protected":false},"excerpt":{"rendered":"<p>&nbsp; Prezado Blogueiro, em face da noticia veiculada no Sudoeste Hoje em, 21\/02\/2013, solicito de vossa senhoria o devido espa\u00e7o para apresentar os esclarecimentos necess\u00e1rios, certa de que a verdade dever\u00e1 prevalecer em quaisquer circunst\u00e2ncias, e que este veiculo de informa\u00e7\u00e3o prima por este principio, desde j\u00e1 agrade\u00e7o. Confira nota de esclarecimento&#8230;<\/p>\n","protected":false},"author":2,"featured_media":0,"comment_status":"open","ping_status":"open","sticky":false,"template":"","format":"standard","meta":{"footnotes":"","_links_to":"","_links_to_target":""},"categories":[1],"tags":[],"class_list":["post-24488","post","type-post","status-publish","format-standard","hentry","category-geral"],"views":1537,"_links":{"self":[{"href":"https:\/\/www.sudoestehoje.com.br\/novoportal\/wp-json\/wp\/v2\/posts\/24488","targetHints":{"allow":["GET"]}}],"collection":[{"href":"https:\/\/www.sudoestehoje.com.br\/novoportal\/wp-json\/wp\/v2\/posts"}],"about":[{"href":"https:\/\/www.sudoestehoje.com.br\/novoportal\/wp-json\/wp\/v2\/types\/post"}],"author":[{"embeddable":true,"href":"https:\/\/www.sudoestehoje.com.br\/novoportal\/wp-json\/wp\/v2\/users\/2"}],"replies":[{"embeddable":true,"href":"https:\/\/www.sudoestehoje.com.br\/novoportal\/wp-json\/wp\/v2\/comments?post=24488"}],"version-history":[{"count":4,"href":"https:\/\/www.sudoestehoje.com.br\/novoportal\/wp-json\/wp\/v2\/posts\/24488\/revisions"}],"predecessor-version":[{"id":24491,"href":"https:\/\/www.sudoestehoje.com.br\/novoportal\/wp-json\/wp\/v2\/posts\/24488\/revisions\/24491"}],"wp:attachment":[{"href":"https:\/\/www.sudoestehoje.com.br\/novoportal\/wp-json\/wp\/v2\/media?parent=24488"}],"wp:term":[{"taxonomy":"category","embeddable":true,"href":"https:\/\/www.sudoestehoje.com.br\/novoportal\/wp-json\/wp\/v2\/categories?post=24488"},{"taxonomy":"post_tag","embeddable":true,"href":"https:\/\/www.sudoestehoje.com.br\/novoportal\/wp-json\/wp\/v2\/tags?post=24488"}],"curies":[{"name":"wp","href":"https:\/\/api.w.org\/{rel}","templated":true}]}}