
{"id":24438,"date":"2013-02-21T13:37:01","date_gmt":"2013-02-21T16:37:01","guid":{"rendered":"http:\/\/www.sudoestehoje.com.br\/novoportal\/?p=24438"},"modified":"2013-02-21T22:44:19","modified_gmt":"2013-02-22T01:44:19","slug":"reter-verbas-da-apae-e-ilegal-e-extremamente-desumano","status":"publish","type":"post","link":"https:\/\/www.sudoestehoje.com.br\/novoportal\/2013\/02\/21\/reter-verbas-da-apae-e-ilegal-e-extremamente-desumano\/","title":{"rendered":"RETER VERBAS DA APAE \u00c9 ILEGAL E EXTREMAMENTE DESUMANO"},"content":{"rendered":"<p><img decoding=\"async\" class=\"aligncenter\" src=\"http:\/\/2.bp.blogspot.com\/-fLyOr3YyZpc\/TgMshG3wtqI\/AAAAAAAAADg\/M2dyDRfRPC4\/s1600\/apae+estrutura+001.jpg\" alt=\"\" width=\"400\" \/><\/p>\n<p style=\"text-align: center;\"><em>Logomarca do programa &#8216;SUS Humaniza&#8217; na APAE de Itapetinga<\/em><\/p>\n<p>&nbsp;<\/p>\n<p>Recebemos, via e-mail, o desabafo emocionado de um filho de uma funcion\u00e1ria da APAE de Itapetinga, reclamando do atraso dos repasses de verbas federais para a entidade filantr\u00f3pica, por parte da Secretaria Municipal de Sa\u00fade. Leia e tire as suas pr\u00f3prias conclus\u00f5es:<\/p>\n<p><em>\u201cOl\u00e1 Davi. A muito tempo , mesmo n\u00e3o morando na cidade de Itapetinga venho acompanhando seu trabalho no Blog Sudoeste Hoje. Atualmente sou morador de Vitoria da Conquista e estudo em tempo integral na UFBA. O motivo pelo qual entro em contato contigo \u00e9 o simples fato de minha m\u00e3e, professora a mais de 25 anos na APAE, estar a mais de dois meses sem receber o seu sal\u00e1rio,\u00a0inclusive\u00a0o 13\u00ba\u00a0sal\u00e1rio.\u00a0A verba que paga os\u00a0funcion\u00e1rios\u00a0da APAE vem pelo comando\u00a0\u00fanico\u00a0do SUS e tem sido repassada\u00a0normalmente\u00a0m\u00eas a m\u00eas \u00e0 prefeitura, que em tese deveria distribuir entre a APAE e os\u00a0t\u00e9cnicos\u00a0do sistema\u00a0\u00fanico\u00a0de\u00a0sa\u00fade, o que n\u00e3o tem ocorrido. Em Itapetinga meus pais, trabalhadores e guerreiros, n\u00e3o t\u00eam o que comer na geladeira e se encontram todas as suas dividas em atraso, e como eu n\u00e3o posso trabalhar, pois o meu curso e integral , conto com a\u00a0solidariedade\u00a0de amigos para me virar , pois tenho aluguel para pagar, alem de alimenta\u00e7\u00e3o e outras coisas\u00a0b\u00e1sicas,\u00a0como transporte pra universidade dentre outros&#8230; Por isso fica a pergunta: onde esta a verba do SUS que foi repassada a prefeitura ?? Os\u00a0funcion\u00e1rios\u00a0da APAE e de outras institui\u00e7\u00f5es est\u00e3o totalmente \u00e0 merc\u00ea do Sr Jos\u00e9 Carlos Moura. Senhor Davi, este foi um desabafo de um filho da terra que n\u00e3o aguenta mais ver tais injusti\u00e7as ocorrendo.\u201d<\/em><\/p>\n<p>Este \u00e9 mais um ato de crueldade do nosso &#8216;atuante&#8217; prefeito e sua perseguidora Secret\u00e1ria de Sa\u00fade, Zoraide Cruz (credo).<\/p>\n<p><strong><em>Da Reda\u00e7\u00e3o<\/em><\/strong><\/p>\n","protected":false},"excerpt":{"rendered":"<p>Logomarca do programa &#8216;SUS Humaniza&#8217; na APAE de Itapetinga &nbsp; Recebemos, via e-mail, o desabafo emocionado de um filho de uma funcion\u00e1ria da APAE de Itapetinga, reclamando do atraso dos repasses de verbas federais para a entidade filantr\u00f3pica, por parte da Secretaria Municipal de Sa\u00fade. Leia e tire as suas pr\u00f3prias conclus\u00f5es: \u201cOl\u00e1 Davi. A [&hellip;]<\/p>\n","protected":false},"author":2,"featured_media":0,"comment_status":"open","ping_status":"open","sticky":false,"template":"","format":"standard","meta":{"footnotes":"","_links_to":"","_links_to_target":""},"categories":[1],"tags":[],"class_list":["post-24438","post","type-post","status-publish","format-standard","hentry","category-geral"],"views":2061,"_links":{"self":[{"href":"https:\/\/www.sudoestehoje.com.br\/novoportal\/wp-json\/wp\/v2\/posts\/24438","targetHints":{"allow":["GET"]}}],"collection":[{"href":"https:\/\/www.sudoestehoje.com.br\/novoportal\/wp-json\/wp\/v2\/posts"}],"about":[{"href":"https:\/\/www.sudoestehoje.com.br\/novoportal\/wp-json\/wp\/v2\/types\/post"}],"author":[{"embeddable":true,"href":"https:\/\/www.sudoestehoje.com.br\/novoportal\/wp-json\/wp\/v2\/users\/2"}],"replies":[{"embeddable":true,"href":"https:\/\/www.sudoestehoje.com.br\/novoportal\/wp-json\/wp\/v2\/comments?post=24438"}],"version-history":[{"count":8,"href":"https:\/\/www.sudoestehoje.com.br\/novoportal\/wp-json\/wp\/v2\/posts\/24438\/revisions"}],"predecessor-version":[{"id":24444,"href":"https:\/\/www.sudoestehoje.com.br\/novoportal\/wp-json\/wp\/v2\/posts\/24438\/revisions\/24444"}],"wp:attachment":[{"href":"https:\/\/www.sudoestehoje.com.br\/novoportal\/wp-json\/wp\/v2\/media?parent=24438"}],"wp:term":[{"taxonomy":"category","embeddable":true,"href":"https:\/\/www.sudoestehoje.com.br\/novoportal\/wp-json\/wp\/v2\/categories?post=24438"},{"taxonomy":"post_tag","embeddable":true,"href":"https:\/\/www.sudoestehoje.com.br\/novoportal\/wp-json\/wp\/v2\/tags?post=24438"}],"curies":[{"name":"wp","href":"https:\/\/api.w.org\/{rel}","templated":true}]}}