
{"id":24430,"date":"2013-02-21T01:36:18","date_gmt":"2013-02-21T04:36:18","guid":{"rendered":"http:\/\/www.sudoestehoje.com.br\/novoportal\/?p=24430"},"modified":"2013-02-21T01:36:18","modified_gmt":"2013-02-21T04:36:18","slug":"e-se-fossemos-cuba","status":"publish","type":"post","link":"https:\/\/www.sudoestehoje.com.br\/novoportal\/2013\/02\/21\/e-se-fossemos-cuba\/","title":{"rendered":"E SE FOSSEMOS CUBA?"},"content":{"rendered":"<p><img decoding=\"async\" class=\"aligncenter\" src=\"http:\/\/imguol.com\/2013\/02\/19\/19fev2013---a-blogueira-cubana-yoani-sanchez-que-visita-o-brasil-almoca-em-um-restaurante-em-feira-de-santana-ba-nesta-terca-feira-19-yoani-que-ontem-qualificou-as-manifestacoes-contra-ela-no-1361304762070_956x500.jpg\" alt=\"\" width=\"150\" \/><\/p>\n<p>Certamente ser\u00edamos impedidos de falar sobre o mensal\u00e3o, de mostrar a corrup\u00e7\u00e3o de governantes. Ter\u00edamos que aceitar e aplaudir prefeitos e governadores incompetentes. Sem o direito de substitui-los pelo voto. Ser\u00edamos um povo sem voz. Como querem os manifestantes do PT e do PCdoB que foram a Feira de Santana tentar calar a jornalista Yoani S\u00e1nchez. Mas n\u00e3o somos Cuba. Por isso eles tem o direito de gritar. Mas o dever de ouvir. Por que n\u00e3o somos Cuba. <em>Tribuna da Bahia<\/em><\/p>\n","protected":false},"excerpt":{"rendered":"<p>Certamente ser\u00edamos impedidos de falar sobre o mensal\u00e3o, de mostrar a corrup\u00e7\u00e3o de governantes. Ter\u00edamos que aceitar e aplaudir prefeitos e governadores incompetentes. Sem o direito de substitui-los pelo voto. Ser\u00edamos um povo sem voz. Como querem os manifestantes do PT e do PCdoB que foram a Feira de Santana tentar calar a jornalista Yoani [&hellip;]<\/p>\n","protected":false},"author":2,"featured_media":0,"comment_status":"open","ping_status":"open","sticky":false,"template":"","format":"standard","meta":{"footnotes":"","_links_to":"","_links_to_target":""},"categories":[11],"tags":[],"class_list":["post-24430","post","type-post","status-publish","format-standard","hentry","category-quentinhas"],"views":1327,"_links":{"self":[{"href":"https:\/\/www.sudoestehoje.com.br\/novoportal\/wp-json\/wp\/v2\/posts\/24430","targetHints":{"allow":["GET"]}}],"collection":[{"href":"https:\/\/www.sudoestehoje.com.br\/novoportal\/wp-json\/wp\/v2\/posts"}],"about":[{"href":"https:\/\/www.sudoestehoje.com.br\/novoportal\/wp-json\/wp\/v2\/types\/post"}],"author":[{"embeddable":true,"href":"https:\/\/www.sudoestehoje.com.br\/novoportal\/wp-json\/wp\/v2\/users\/2"}],"replies":[{"embeddable":true,"href":"https:\/\/www.sudoestehoje.com.br\/novoportal\/wp-json\/wp\/v2\/comments?post=24430"}],"version-history":[{"count":2,"href":"https:\/\/www.sudoestehoje.com.br\/novoportal\/wp-json\/wp\/v2\/posts\/24430\/revisions"}],"predecessor-version":[{"id":24432,"href":"https:\/\/www.sudoestehoje.com.br\/novoportal\/wp-json\/wp\/v2\/posts\/24430\/revisions\/24432"}],"wp:attachment":[{"href":"https:\/\/www.sudoestehoje.com.br\/novoportal\/wp-json\/wp\/v2\/media?parent=24430"}],"wp:term":[{"taxonomy":"category","embeddable":true,"href":"https:\/\/www.sudoestehoje.com.br\/novoportal\/wp-json\/wp\/v2\/categories?post=24430"},{"taxonomy":"post_tag","embeddable":true,"href":"https:\/\/www.sudoestehoje.com.br\/novoportal\/wp-json\/wp\/v2\/tags?post=24430"}],"curies":[{"name":"wp","href":"https:\/\/api.w.org\/{rel}","templated":true}]}}