
{"id":24408,"date":"2013-02-20T09:51:37","date_gmt":"2013-02-20T12:51:37","guid":{"rendered":"http:\/\/www.sudoestehoje.com.br\/novoportal\/?p=24408"},"modified":"2013-02-20T09:51:37","modified_gmt":"2013-02-20T12:51:37","slug":"o-projeto-sem-futuro-de-caetano","status":"publish","type":"post","link":"https:\/\/www.sudoestehoje.com.br\/novoportal\/2013\/02\/20\/o-projeto-sem-futuro-de-caetano\/","title":{"rendered":"O PROJETO SEM FUTURO DE CAETANO"},"content":{"rendered":"<p style=\"text-align: center;\"><img decoding=\"async\" class=\"aligncenter\" src=\"http:\/\/1.bp.blogspot.com\/_NZ-3SaGYAhs\/S74nO4DxiTI\/AAAAAAAAADY\/fIbVVSTTAzI\/s1600\/caetano-purapolitica7.jpg\" alt=\"\" width=\"400\" \/><\/p>\n<p style=\"text-align: center;\"><em>Ex-prefeito de Cama\u00e7ari quer convencer o PT que seu projeto \u00e9 &#8216;vi\u00e1vel&#8217;\u00a0<\/em><\/p>\n<p>&nbsp;<\/p>\n<p>Ap\u00f3s apadrinhar a conquista dos aliados na presid\u00eancia da Uni\u00e3o dos Munic\u00edpios da Bahia (UPB), elegendo a prefeita Maria Quit\u00e9ria (PSB), e conseguir garantir a sucess\u00e3o na prefeitura de Cama\u00e7ari, com o seu ex-auxiliar Ademar Delgado (PT), o petista Luiz Caetano intensifica a estrat\u00e9gia de viabiliza\u00e7\u00e3o do seu nome para a corrida ao Pal\u00e1cio de Ondina em 2014. O ex-prefeito confirmou ontem \u00e0 Tribuna que j\u00e1 come\u00e7ou a se movimentar para convencer a dire\u00e7\u00e3o do PT e os aliados do governo a aceitarem o seu projeto, como um dos \u201cmais vi\u00e1veis\u201d para a elei\u00e7\u00e3o do pr\u00f3ximo ano. Para alcan\u00e7ar este objetivo, ele disse que n\u00e3o poupar\u00e1 esfor\u00e7os no di\u00e1logo com os \u201ccompanheiros\u201d. O petista minimizou o fato de n\u00e3o ter o nome citado pelo governador Jaques Wagner (PT), nas oportunidades em que foi questionado sobre o assunto. Leia mais na\u00a0<a href=\"http:\/\/www.tribunadabahia.com.br\/2013\/02\/20\/caetano-tenta-se-viabilizar-dentro-do-pt\" target=\"_blank\">Tribuna<\/a>.<\/p>\n","protected":false},"excerpt":{"rendered":"<p>Ex-prefeito de Cama\u00e7ari quer convencer o PT que seu projeto \u00e9 &#8216;vi\u00e1vel&#8217;\u00a0 &nbsp; Ap\u00f3s apadrinhar a conquista dos aliados na presid\u00eancia da Uni\u00e3o dos Munic\u00edpios da Bahia (UPB), elegendo a prefeita Maria Quit\u00e9ria (PSB), e conseguir garantir a sucess\u00e3o na prefeitura de Cama\u00e7ari, com o seu ex-auxiliar Ademar Delgado (PT), o petista Luiz Caetano intensifica [&hellip;]<\/p>\n","protected":false},"author":2,"featured_media":0,"comment_status":"open","ping_status":"open","sticky":false,"template":"","format":"standard","meta":{"footnotes":"","_links_to":"","_links_to_target":""},"categories":[1],"tags":[],"class_list":["post-24408","post","type-post","status-publish","format-standard","hentry","category-geral"],"views":1353,"_links":{"self":[{"href":"https:\/\/www.sudoestehoje.com.br\/novoportal\/wp-json\/wp\/v2\/posts\/24408","targetHints":{"allow":["GET"]}}],"collection":[{"href":"https:\/\/www.sudoestehoje.com.br\/novoportal\/wp-json\/wp\/v2\/posts"}],"about":[{"href":"https:\/\/www.sudoestehoje.com.br\/novoportal\/wp-json\/wp\/v2\/types\/post"}],"author":[{"embeddable":true,"href":"https:\/\/www.sudoestehoje.com.br\/novoportal\/wp-json\/wp\/v2\/users\/2"}],"replies":[{"embeddable":true,"href":"https:\/\/www.sudoestehoje.com.br\/novoportal\/wp-json\/wp\/v2\/comments?post=24408"}],"version-history":[{"count":2,"href":"https:\/\/www.sudoestehoje.com.br\/novoportal\/wp-json\/wp\/v2\/posts\/24408\/revisions"}],"predecessor-version":[{"id":24410,"href":"https:\/\/www.sudoestehoje.com.br\/novoportal\/wp-json\/wp\/v2\/posts\/24408\/revisions\/24410"}],"wp:attachment":[{"href":"https:\/\/www.sudoestehoje.com.br\/novoportal\/wp-json\/wp\/v2\/media?parent=24408"}],"wp:term":[{"taxonomy":"category","embeddable":true,"href":"https:\/\/www.sudoestehoje.com.br\/novoportal\/wp-json\/wp\/v2\/categories?post=24408"},{"taxonomy":"post_tag","embeddable":true,"href":"https:\/\/www.sudoestehoje.com.br\/novoportal\/wp-json\/wp\/v2\/tags?post=24408"}],"curies":[{"name":"wp","href":"https:\/\/api.w.org\/{rel}","templated":true}]}}