
{"id":24339,"date":"2013-02-18T11:11:29","date_gmt":"2013-02-18T14:11:29","guid":{"rendered":"http:\/\/www.sudoestehoje.com.br\/novoportal\/?p=24339"},"modified":"2013-02-18T11:11:29","modified_gmt":"2013-02-18T14:11:29","slug":"ruim-com-costa-pior-sem-ele","status":"publish","type":"post","link":"https:\/\/www.sudoestehoje.com.br\/novoportal\/2013\/02\/18\/ruim-com-costa-pior-sem-ele\/","title":{"rendered":"&#8220;RUIM COM COSTA, PIOR SEM ELE&#8221;"},"content":{"rendered":"<p><img decoding=\"async\" class=\"aligncenter\" src=\"http:\/\/www.politicalivre.com.br\/wp-content\/thumbgen_cache\/b294c184800e84c32a539e4f7bc20d31.jpg\" alt=\"\" width=\"400\" \/><\/p>\n<p style=\"text-align: center;\"><em>Rui Costa, o preferido do governador Jaques Wagner<\/em><\/p>\n<p>&nbsp;<\/p>\n<p>Cresce o n\u00famero de quadros petistas que passam a migrar para a pr\u00e9-candidatura de Rui Costa, atual chefe da Casa Civil do governo Jaques Wagner. O movimento tem uma \u00fanica explica\u00e7\u00e3o: a expectativa, para alguns j\u00e1 muito concreta, de que Rui \u00e9, de fato, o preferido do governador Jaques Wagner para suced\u00ea-lo em 2014. Em outras palavras, a leitura que se faz em grande parte do PT \u00e9: \u00a0\u201dRuim com Costa, pior sem ele.\u201d <em>Pol\u00edtica Livre<\/em><\/p>\n","protected":false},"excerpt":{"rendered":"<p>Rui Costa, o preferido do governador Jaques Wagner &nbsp; Cresce o n\u00famero de quadros petistas que passam a migrar para a pr\u00e9-candidatura de Rui Costa, atual chefe da Casa Civil do governo Jaques Wagner. O movimento tem uma \u00fanica explica\u00e7\u00e3o: a expectativa, para alguns j\u00e1 muito concreta, de que Rui \u00e9, de fato, o preferido [&hellip;]<\/p>\n","protected":false},"author":2,"featured_media":0,"comment_status":"open","ping_status":"open","sticky":false,"template":"","format":"standard","meta":{"footnotes":"","_links_to":"","_links_to_target":""},"categories":[1],"tags":[],"class_list":["post-24339","post","type-post","status-publish","format-standard","hentry","category-geral"],"views":1109,"_links":{"self":[{"href":"https:\/\/www.sudoestehoje.com.br\/novoportal\/wp-json\/wp\/v2\/posts\/24339","targetHints":{"allow":["GET"]}}],"collection":[{"href":"https:\/\/www.sudoestehoje.com.br\/novoportal\/wp-json\/wp\/v2\/posts"}],"about":[{"href":"https:\/\/www.sudoestehoje.com.br\/novoportal\/wp-json\/wp\/v2\/types\/post"}],"author":[{"embeddable":true,"href":"https:\/\/www.sudoestehoje.com.br\/novoportal\/wp-json\/wp\/v2\/users\/2"}],"replies":[{"embeddable":true,"href":"https:\/\/www.sudoestehoje.com.br\/novoportal\/wp-json\/wp\/v2\/comments?post=24339"}],"version-history":[{"count":2,"href":"https:\/\/www.sudoestehoje.com.br\/novoportal\/wp-json\/wp\/v2\/posts\/24339\/revisions"}],"predecessor-version":[{"id":24341,"href":"https:\/\/www.sudoestehoje.com.br\/novoportal\/wp-json\/wp\/v2\/posts\/24339\/revisions\/24341"}],"wp:attachment":[{"href":"https:\/\/www.sudoestehoje.com.br\/novoportal\/wp-json\/wp\/v2\/media?parent=24339"}],"wp:term":[{"taxonomy":"category","embeddable":true,"href":"https:\/\/www.sudoestehoje.com.br\/novoportal\/wp-json\/wp\/v2\/categories?post=24339"},{"taxonomy":"post_tag","embeddable":true,"href":"https:\/\/www.sudoestehoje.com.br\/novoportal\/wp-json\/wp\/v2\/tags?post=24339"}],"curies":[{"name":"wp","href":"https:\/\/api.w.org\/{rel}","templated":true}]}}