
{"id":2426,"date":"2010-12-05T18:56:24","date_gmt":"2010-12-05T21:56:24","guid":{"rendered":"http:\/\/www.sudoestehoje.com.br\/novoportal\/?p=2426"},"modified":"2010-12-05T18:56:24","modified_gmt":"2010-12-05T21:56:24","slug":"fluminense-leva-a-taca-depois-de-26-anos-de-jejum","status":"publish","type":"post","link":"https:\/\/www.sudoestehoje.com.br\/novoportal\/2010\/12\/05\/fluminense-leva-a-taca-depois-de-26-anos-de-jejum\/","title":{"rendered":"FLUMINENSE LEVA A TA\u00c7A DEPOIS DE 26 ANOS DE JEJUM"},"content":{"rendered":"<p style=\"text-align: center;\"><img loading=\"lazy\" decoding=\"async\" class=\"aligncenter\" title=\"Conca fluminense campe\u00e3o\" src=\"http:\/\/s.glbimg.com\/es\/ge\/f\/original\/2010\/12\/05\/conca02_andur300.jpg\" alt=\"Conca fluminense campe\u00e3o\" width=\"300\" height=\"397\" \/><\/p>\n<p style=\"text-align: center;\"><strong>Conca se emociona ao ver torcida do Flu gritar seu nome<\/strong>\u00a0<\/p>\n<p>\u00a0<\/p>\n<p>Vinte e seis anos, seis meses e oito dias. Esse foi o tempo em que o grito euf\u00f3rico e emocionado do t\u00edtulo brasileiro ficou engasgado na garganta de cada um dos milh\u00f5es de tricolores espalhados por todo o Brasil. Mas neste domingo, 5 de dezembro de 2010, Conca, Mariano, Fred, Washington\u00a0 &amp; Cia., comandados por Muricy Ramalho e sob a estrela do mais novo her\u00f3i, Emerson, o Sheik, autor do gol da vit\u00f3ria por 1 a 0 sobre o Guarani, decretaram, num Engenh\u00e3o espremido por mais de 40 mil torcedores, que as cores da moda no futebol brasileiro s\u00e3o o verde, o gren\u00e1 e branco.<\/p>\n<p>A festa do p\u00f3 de arroz est\u00e1 de volta. A torcida grita, com toda for\u00e7a, que o Fluminense \u00e9 tricampe\u00e3o brasileiro &#8211; reivindica o Robert\u00e3o (ou Ta\u00e7a da Prata) conquistado em 1970. Para a CBF, \u00e9 bicampe\u00e3o. Mais importante, no entanto, \u00e9 que ficou com a ta\u00e7a quem mais a mereceu. Globo.com<\/p>\n","protected":false},"excerpt":{"rendered":"<p>Conca se emociona ao ver torcida do Flu gritar seu nome\u00a0 \u00a0 Vinte e seis anos, seis meses e oito dias. Esse foi o tempo em que o grito euf\u00f3rico e emocionado do t\u00edtulo brasileiro ficou engasgado na garganta de cada um dos milh\u00f5es de tricolores espalhados por todo o Brasil. Mas neste domingo, 5 [&hellip;]<\/p>\n","protected":false},"author":2,"featured_media":0,"comment_status":"open","ping_status":"open","sticky":false,"template":"","format":"standard","meta":{"footnotes":"","_links_to":"","_links_to_target":""},"categories":[1],"tags":[],"class_list":["post-2426","post","type-post","status-publish","format-standard","hentry","category-geral"],"views":1080,"_links":{"self":[{"href":"https:\/\/www.sudoestehoje.com.br\/novoportal\/wp-json\/wp\/v2\/posts\/2426","targetHints":{"allow":["GET"]}}],"collection":[{"href":"https:\/\/www.sudoestehoje.com.br\/novoportal\/wp-json\/wp\/v2\/posts"}],"about":[{"href":"https:\/\/www.sudoestehoje.com.br\/novoportal\/wp-json\/wp\/v2\/types\/post"}],"author":[{"embeddable":true,"href":"https:\/\/www.sudoestehoje.com.br\/novoportal\/wp-json\/wp\/v2\/users\/2"}],"replies":[{"embeddable":true,"href":"https:\/\/www.sudoestehoje.com.br\/novoportal\/wp-json\/wp\/v2\/comments?post=2426"}],"version-history":[{"count":4,"href":"https:\/\/www.sudoestehoje.com.br\/novoportal\/wp-json\/wp\/v2\/posts\/2426\/revisions"}],"predecessor-version":[{"id":2430,"href":"https:\/\/www.sudoestehoje.com.br\/novoportal\/wp-json\/wp\/v2\/posts\/2426\/revisions\/2430"}],"wp:attachment":[{"href":"https:\/\/www.sudoestehoje.com.br\/novoportal\/wp-json\/wp\/v2\/media?parent=2426"}],"wp:term":[{"taxonomy":"category","embeddable":true,"href":"https:\/\/www.sudoestehoje.com.br\/novoportal\/wp-json\/wp\/v2\/categories?post=2426"},{"taxonomy":"post_tag","embeddable":true,"href":"https:\/\/www.sudoestehoje.com.br\/novoportal\/wp-json\/wp\/v2\/tags?post=2426"}],"curies":[{"name":"wp","href":"https:\/\/api.w.org\/{rel}","templated":true}]}}