
{"id":24254,"date":"2013-02-13T20:43:26","date_gmt":"2013-02-13T23:43:26","guid":{"rendered":"http:\/\/www.sudoestehoje.com.br\/novoportal\/?p=24254"},"modified":"2013-02-13T20:43:26","modified_gmt":"2013-02-13T23:43:26","slug":"horario-de-verao-termina-domingo","status":"publish","type":"post","link":"https:\/\/www.sudoestehoje.com.br\/novoportal\/2013\/02\/13\/horario-de-verao-termina-domingo\/","title":{"rendered":"HOR\u00c1RIO DE VER\u00c3O TERMINA DOMINGO"},"content":{"rendered":"<p><img decoding=\"async\" class=\"aligncenter\" src=\"http:\/\/www.aprocura.com.br\/wp-content\/uploads\/2012\/10\/Hor%C3%A1rio-de-Ver%C3%A3o-In%C3%ADcio-e-Fim-2012-2013.jpg\" alt=\"\" width=\"150\" \/><\/p>\n<p>Em vigor nas regi\u00f5es Sul, Sudeste e Centro-Oeste e no Estado do Tocantins desde 21 de outubro do ano passado, o hor\u00e1rio de ver\u00e3o terminar\u00e1 \u00e0 meia noite do pr\u00f3ximo domingo (17). Para se adequar novamente ao hor\u00e1rio normal, os moradores desses locais devem atrasar o rel\u00f3gio em uma hora. Embora n\u00e3o tenha sido aplicado na Bahia, a medida afeta os hor\u00e1rios de funcionamento dos Bancos, casas lot\u00e9ricas, concursos p\u00fablicos e outros servi\u00e7os que seguem o hor\u00e1rio de Brasilia.<\/p>\n","protected":false},"excerpt":{"rendered":"<p>Em vigor nas regi\u00f5es Sul, Sudeste e Centro-Oeste e no Estado do Tocantins desde 21 de outubro do ano passado, o hor\u00e1rio de ver\u00e3o terminar\u00e1 \u00e0 meia noite do pr\u00f3ximo domingo (17). Para se adequar novamente ao hor\u00e1rio normal, os moradores desses locais devem atrasar o rel\u00f3gio em uma hora. Embora n\u00e3o tenha sido aplicado [&hellip;]<\/p>\n","protected":false},"author":2,"featured_media":0,"comment_status":"open","ping_status":"open","sticky":false,"template":"","format":"standard","meta":{"footnotes":"","_links_to":"","_links_to_target":""},"categories":[11],"tags":[],"class_list":["post-24254","post","type-post","status-publish","format-standard","hentry","category-quentinhas"],"views":1237,"_links":{"self":[{"href":"https:\/\/www.sudoestehoje.com.br\/novoportal\/wp-json\/wp\/v2\/posts\/24254","targetHints":{"allow":["GET"]}}],"collection":[{"href":"https:\/\/www.sudoestehoje.com.br\/novoportal\/wp-json\/wp\/v2\/posts"}],"about":[{"href":"https:\/\/www.sudoestehoje.com.br\/novoportal\/wp-json\/wp\/v2\/types\/post"}],"author":[{"embeddable":true,"href":"https:\/\/www.sudoestehoje.com.br\/novoportal\/wp-json\/wp\/v2\/users\/2"}],"replies":[{"embeddable":true,"href":"https:\/\/www.sudoestehoje.com.br\/novoportal\/wp-json\/wp\/v2\/comments?post=24254"}],"version-history":[{"count":1,"href":"https:\/\/www.sudoestehoje.com.br\/novoportal\/wp-json\/wp\/v2\/posts\/24254\/revisions"}],"predecessor-version":[{"id":24255,"href":"https:\/\/www.sudoestehoje.com.br\/novoportal\/wp-json\/wp\/v2\/posts\/24254\/revisions\/24255"}],"wp:attachment":[{"href":"https:\/\/www.sudoestehoje.com.br\/novoportal\/wp-json\/wp\/v2\/media?parent=24254"}],"wp:term":[{"taxonomy":"category","embeddable":true,"href":"https:\/\/www.sudoestehoje.com.br\/novoportal\/wp-json\/wp\/v2\/categories?post=24254"},{"taxonomy":"post_tag","embeddable":true,"href":"https:\/\/www.sudoestehoje.com.br\/novoportal\/wp-json\/wp\/v2\/tags?post=24254"}],"curies":[{"name":"wp","href":"https:\/\/api.w.org\/{rel}","templated":true}]}}