
{"id":24237,"date":"2013-02-13T11:05:25","date_gmt":"2013-02-13T14:05:25","guid":{"rendered":"http:\/\/www.sudoestehoje.com.br\/novoportal\/?p=24237"},"modified":"2013-02-13T11:08:55","modified_gmt":"2013-02-13T14:08:55","slug":"mpt-enquadra-azaleia-em-sergipe","status":"publish","type":"post","link":"https:\/\/www.sudoestehoje.com.br\/novoportal\/2013\/02\/13\/mpt-enquadra-azaleia-em-sergipe\/","title":{"rendered":"MPT ENQUADRA AZAL\u00c9IA EM SERGIPE"},"content":{"rendered":"<p><img decoding=\"async\" class=\"alignleft\" src=\"http:\/\/www.pimenta.blog.br\/wp-content\/uploads\/azaleia1.jpg\" alt=\"azaleia\" \/>Enquanto em Itapetinga a empresa Vulcabras|azaleia fechou doze f\u00e1bricas e deixou cerca de 4 mil trabalhadores desempregados, no estado de Sergipe a empresa acaba de receber uma dura da Justi\u00e7a do Trabalho.<\/p>\n<p>Em resposta a uma a\u00e7\u00e3o do Minist\u00e9rio P\u00fablico do Trabalho (MPT), a justi\u00e7a determinou que a fabricante de cal\u00e7ados cumpra, no prazo de 30 dias, diversas obriga\u00e7\u00f5es relacionadas \u00e0 prote\u00e7\u00e3o da sa\u00fade e seguran\u00e7a do trabalhador. A multa di\u00e1ria, para cada obriga\u00e7\u00e3o descumprida, \u00e9 de R$ 10 mil.<\/p>\n<p>O MPT moveu a\u00e7\u00e3o civil p\u00fablica na 3\u00aa Vara do Trabalho de Aracaju, elencando problemas como doen\u00e7as ocupacionais, extrapola\u00e7\u00e3o de jornada, falta de pausa para descanso e ass\u00e9dio moral. As irregularidades j\u00e1 haviam sido denunciadas, mas a empresa vinha se recusando a firmar um termo de ajustamento de conduta para corrigir suas pr\u00e1ticas.<\/p>\n<p>O Minist\u00e9rio P\u00fablico ainda tenta obter a condena\u00e7\u00e3o da Vulcabras|azaleia em R$ 5 milh\u00f5es, a t\u00edtulo de repara\u00e7\u00e3o por dano moral coletivo.<\/p>\n","protected":false},"excerpt":{"rendered":"<p>Enquanto em Itapetinga a empresa Vulcabras|azaleia fechou doze f\u00e1bricas e deixou cerca de 4 mil trabalhadores desempregados, no estado de Sergipe a empresa acaba de receber uma dura da Justi\u00e7a do Trabalho. Em resposta a uma a\u00e7\u00e3o do Minist\u00e9rio P\u00fablico do Trabalho (MPT), a justi\u00e7a determinou que a fabricante de cal\u00e7ados cumpra, no prazo de [&hellip;]<\/p>\n","protected":false},"author":2,"featured_media":0,"comment_status":"open","ping_status":"open","sticky":false,"template":"","format":"standard","meta":{"footnotes":"","_links_to":"","_links_to_target":""},"categories":[1],"tags":[],"class_list":["post-24237","post","type-post","status-publish","format-standard","hentry","category-geral"],"views":1265,"_links":{"self":[{"href":"https:\/\/www.sudoestehoje.com.br\/novoportal\/wp-json\/wp\/v2\/posts\/24237","targetHints":{"allow":["GET"]}}],"collection":[{"href":"https:\/\/www.sudoestehoje.com.br\/novoportal\/wp-json\/wp\/v2\/posts"}],"about":[{"href":"https:\/\/www.sudoestehoje.com.br\/novoportal\/wp-json\/wp\/v2\/types\/post"}],"author":[{"embeddable":true,"href":"https:\/\/www.sudoestehoje.com.br\/novoportal\/wp-json\/wp\/v2\/users\/2"}],"replies":[{"embeddable":true,"href":"https:\/\/www.sudoestehoje.com.br\/novoportal\/wp-json\/wp\/v2\/comments?post=24237"}],"version-history":[{"count":4,"href":"https:\/\/www.sudoestehoje.com.br\/novoportal\/wp-json\/wp\/v2\/posts\/24237\/revisions"}],"predecessor-version":[{"id":24240,"href":"https:\/\/www.sudoestehoje.com.br\/novoportal\/wp-json\/wp\/v2\/posts\/24237\/revisions\/24240"}],"wp:attachment":[{"href":"https:\/\/www.sudoestehoje.com.br\/novoportal\/wp-json\/wp\/v2\/media?parent=24237"}],"wp:term":[{"taxonomy":"category","embeddable":true,"href":"https:\/\/www.sudoestehoje.com.br\/novoportal\/wp-json\/wp\/v2\/categories?post=24237"},{"taxonomy":"post_tag","embeddable":true,"href":"https:\/\/www.sudoestehoje.com.br\/novoportal\/wp-json\/wp\/v2\/tags?post=24237"}],"curies":[{"name":"wp","href":"https:\/\/api.w.org\/{rel}","templated":true}]}}