
{"id":2421,"date":"2010-12-05T18:44:28","date_gmt":"2010-12-05T21:44:28","guid":{"rendered":"http:\/\/www.sudoestehoje.com.br\/novoportal\/?p=2421"},"modified":"2010-12-05T18:44:28","modified_gmt":"2010-12-05T21:44:28","slug":"vitoria-empata-e-volta-para-a-segundona","status":"publish","type":"post","link":"https:\/\/www.sudoestehoje.com.br\/novoportal\/2010\/12\/05\/vitoria-empata-e-volta-para-a-segundona\/","title":{"rendered":"VIT\u00d3RIA EMPATA E VOLTA PARA A SEGUNDONA"},"content":{"rendered":"<p style=\"text-align: center;\"><img loading=\"lazy\" decoding=\"async\" class=\"aligncenter\" title=\"Ap\u00f3s tr\u00eas anos na elite, o rubro negro baiano volta \u00e0 s\u00e9rie B \/ Cr\u00e9dito: Robson Mendes\" src=\"http:\/\/www.correio24horas.com.br\/uploads\/tx_templavoila\/vitoria_capanova2.jpg\" border=\"0\" alt=\"Ap\u00f3s tr\u00eas anos na elite, o rubro negro baiano volta \u00e0 s\u00e9rie B \/ Cr\u00e9dito: Robson Mendes\" width=\"255\" height=\"295\" \/><\/p>\n<p style=\"text-align: center;\"><strong>Ap\u00f3s tr\u00eas anos na elite, o rubro negro baiano volta \u00e0 s\u00e9rie B<\/strong><\/p>\n<p>\u00a0<\/p>\n<p>N\u00e3o deu para o Vit\u00f3ria. Mesmo com o Barrad\u00e3o lotado, o rubro-negro ficou no 0 a 0 com o Atl\u00e9tico-GO neste domingo, 5, pela \u00faltima rodada do Brasileir\u00e3o, e foi rebaixado \u00e0 S\u00e9rie B.<\/p>\n<p>Apesar de ter criado algumas chances, a equipe baiana demonstrou nervosismo e n\u00e3o conseguiu vencer a partida. Com o empate, o Le\u00e3o chegou aos 42 pontos, mesmo n\u00famero do advers\u00e1rio, mas foi superado pelo Drag\u00e3o no n\u00famero de triunfos (9 contra 11).\u00a0<\/p>\n<p>Ap\u00f3s o acesso em 2009, o Atletico-GO teve uma bela arrancada no segundo turno e garantiu a perman\u00eancia na S\u00e9rie A. J\u00e1 o Vit\u00f3ria caiu de produ\u00e7\u00e3o na reta final da competi\u00e7\u00e3o e n\u00e3o conseguiu se livrar da zona da degola. Agora, resta ao rubro-negro disputar a Segundona de 2011 para buscar o retorno \u00e0 elite do futebol brasileiro. A Tarde<\/p>\n","protected":false},"excerpt":{"rendered":"<p>Ap\u00f3s tr\u00eas anos na elite, o rubro negro baiano volta \u00e0 s\u00e9rie B \u00a0 N\u00e3o deu para o Vit\u00f3ria. Mesmo com o Barrad\u00e3o lotado, o rubro-negro ficou no 0 a 0 com o Atl\u00e9tico-GO neste domingo, 5, pela \u00faltima rodada do Brasileir\u00e3o, e foi rebaixado \u00e0 S\u00e9rie B. Apesar de ter criado algumas chances, a [&hellip;]<\/p>\n","protected":false},"author":2,"featured_media":0,"comment_status":"open","ping_status":"open","sticky":false,"template":"","format":"standard","meta":{"footnotes":"","_links_to":"","_links_to_target":""},"categories":[1],"tags":[],"class_list":["post-2421","post","type-post","status-publish","format-standard","hentry","category-geral"],"views":1016,"_links":{"self":[{"href":"https:\/\/www.sudoestehoje.com.br\/novoportal\/wp-json\/wp\/v2\/posts\/2421","targetHints":{"allow":["GET"]}}],"collection":[{"href":"https:\/\/www.sudoestehoje.com.br\/novoportal\/wp-json\/wp\/v2\/posts"}],"about":[{"href":"https:\/\/www.sudoestehoje.com.br\/novoportal\/wp-json\/wp\/v2\/types\/post"}],"author":[{"embeddable":true,"href":"https:\/\/www.sudoestehoje.com.br\/novoportal\/wp-json\/wp\/v2\/users\/2"}],"replies":[{"embeddable":true,"href":"https:\/\/www.sudoestehoje.com.br\/novoportal\/wp-json\/wp\/v2\/comments?post=2421"}],"version-history":[{"count":4,"href":"https:\/\/www.sudoestehoje.com.br\/novoportal\/wp-json\/wp\/v2\/posts\/2421\/revisions"}],"predecessor-version":[{"id":2425,"href":"https:\/\/www.sudoestehoje.com.br\/novoportal\/wp-json\/wp\/v2\/posts\/2421\/revisions\/2425"}],"wp:attachment":[{"href":"https:\/\/www.sudoestehoje.com.br\/novoportal\/wp-json\/wp\/v2\/media?parent=2421"}],"wp:term":[{"taxonomy":"category","embeddable":true,"href":"https:\/\/www.sudoestehoje.com.br\/novoportal\/wp-json\/wp\/v2\/categories?post=2421"},{"taxonomy":"post_tag","embeddable":true,"href":"https:\/\/www.sudoestehoje.com.br\/novoportal\/wp-json\/wp\/v2\/tags?post=2421"}],"curies":[{"name":"wp","href":"https:\/\/api.w.org\/{rel}","templated":true}]}}