
{"id":24185,"date":"2013-02-11T10:59:40","date_gmt":"2013-02-11T13:59:40","guid":{"rendered":"http:\/\/www.sudoestehoje.com.br\/novoportal\/?p=24185"},"modified":"2013-02-11T10:59:40","modified_gmt":"2013-02-11T13:59:40","slug":"papa-bento-xvi-anuncia-renuncia-para-28-de-fevereiro","status":"publish","type":"post","link":"https:\/\/www.sudoestehoje.com.br\/novoportal\/2013\/02\/11\/papa-bento-xvi-anuncia-renuncia-para-28-de-fevereiro\/","title":{"rendered":"PAPA BENTO XVI ANUNCIA REN\u00daNCIA PARA 28 DE FEVEREIRO"},"content":{"rendered":"<p><img decoding=\"async\" class=\"aligncenter\" src=\"http:\/\/1.bp.blogspot.com\/-3QPKGdykj8Y\/TVjoUjEejaI\/AAAAAAAAAl8\/KnThpRoSRr0\/s1600\/papa_bento_xvi.jpg\" alt=\"\" width=\"320\" \/><\/p>\n<p style=\"text-align: center;\"><em>Bento XVI renuncia e novo Papa ser\u00e1 anunciado em mar\u00e7o<\/em><\/p>\n<p>&nbsp;<\/p>\n<p>O papa Bento XVI anunciou nesta segunda-feira (11) que renunciar\u00e1 ao seu minist\u00e9rio no dia 28 de fevereiro, noticia o Jornal do Brasil. O pronunciamento aconteceu quando discursava em latim durante um consist\u00f3rio do Vaticano. As informa\u00e7\u00f5es foram passadas pelo porta-voz da Santa S\u00e9 para a ag\u00eancia de not\u00edcias AFP. \u00a0&#8220;O papa anunciou que renunciar\u00e1 a seu minist\u00e9rio dia 28 de fevereiro. Come\u00e7ar\u00e1 assim um per\u00edodo de &#8216;sede vacante'&#8221;, confirmou o padre Federico Lombardi, em um an\u00fancio quase &#8220;sem precedentes&#8221; na Igreja Cat\u00f3lica, j\u00e1 que esta \u00e9 apenas a segunda vez que um papa da Igreja Cat\u00f3lica renuncia ao pontificado. Em comunicado, Bento 16 disse que vai deixar o cargo devido \u00e0 idade avan\u00e7ada, por &#8220;n\u00e3o ter mais for\u00e7as&#8221; para exercer o cargo. O papado de Joseph Aloisius Ratznger come\u00e7ou em 2005.<\/p>\n","protected":false},"excerpt":{"rendered":"<p>Bento XVI renuncia e novo Papa ser\u00e1 anunciado em mar\u00e7o &nbsp; O papa Bento XVI anunciou nesta segunda-feira (11) que renunciar\u00e1 ao seu minist\u00e9rio no dia 28 de fevereiro, noticia o Jornal do Brasil. O pronunciamento aconteceu quando discursava em latim durante um consist\u00f3rio do Vaticano. As informa\u00e7\u00f5es foram passadas pelo porta-voz da Santa S\u00e9 [&hellip;]<\/p>\n","protected":false},"author":2,"featured_media":0,"comment_status":"open","ping_status":"open","sticky":false,"template":"","format":"standard","meta":{"footnotes":"","_links_to":"","_links_to_target":""},"categories":[1],"tags":[],"class_list":["post-24185","post","type-post","status-publish","format-standard","hentry","category-geral"],"views":1535,"_links":{"self":[{"href":"https:\/\/www.sudoestehoje.com.br\/novoportal\/wp-json\/wp\/v2\/posts\/24185","targetHints":{"allow":["GET"]}}],"collection":[{"href":"https:\/\/www.sudoestehoje.com.br\/novoportal\/wp-json\/wp\/v2\/posts"}],"about":[{"href":"https:\/\/www.sudoestehoje.com.br\/novoportal\/wp-json\/wp\/v2\/types\/post"}],"author":[{"embeddable":true,"href":"https:\/\/www.sudoestehoje.com.br\/novoportal\/wp-json\/wp\/v2\/users\/2"}],"replies":[{"embeddable":true,"href":"https:\/\/www.sudoestehoje.com.br\/novoportal\/wp-json\/wp\/v2\/comments?post=24185"}],"version-history":[{"count":4,"href":"https:\/\/www.sudoestehoje.com.br\/novoportal\/wp-json\/wp\/v2\/posts\/24185\/revisions"}],"predecessor-version":[{"id":24189,"href":"https:\/\/www.sudoestehoje.com.br\/novoportal\/wp-json\/wp\/v2\/posts\/24185\/revisions\/24189"}],"wp:attachment":[{"href":"https:\/\/www.sudoestehoje.com.br\/novoportal\/wp-json\/wp\/v2\/media?parent=24185"}],"wp:term":[{"taxonomy":"category","embeddable":true,"href":"https:\/\/www.sudoestehoje.com.br\/novoportal\/wp-json\/wp\/v2\/categories?post=24185"},{"taxonomy":"post_tag","embeddable":true,"href":"https:\/\/www.sudoestehoje.com.br\/novoportal\/wp-json\/wp\/v2\/tags?post=24185"}],"curies":[{"name":"wp","href":"https:\/\/api.w.org\/{rel}","templated":true}]}}