
{"id":24173,"date":"2013-02-09T21:29:26","date_gmt":"2013-02-10T00:29:26","guid":{"rendered":"http:\/\/www.sudoestehoje.com.br\/novoportal\/?p=24173"},"modified":"2013-02-09T21:29:26","modified_gmt":"2013-02-10T00:29:26","slug":"itarantim-paulo-fernandes-arruma-a-casa-e-paga-salarios-dos-servidores","status":"publish","type":"post","link":"https:\/\/www.sudoestehoje.com.br\/novoportal\/2013\/02\/09\/itarantim-paulo-fernandes-arruma-a-casa-e-paga-salarios-dos-servidores\/","title":{"rendered":"ITARANTIM: PAULO FERNANDES ARRUMA A CASA E PAGA SAL\u00c1RIOS DOS SERVIDORES"},"content":{"rendered":"<p><img decoding=\"async\" class=\"aligncenter\" src=\"http:\/\/dimensaojornal.com.br\/wp-content\/uploads\/2013\/02\/paulo-300x185.png\" alt=\"\" width=\"400\" \/><\/p>\n<p>&nbsp;<\/p>\n<p>Depois de muitas arruma\u00e7\u00f5es, reuni\u00f5es e montagem da equipe de trabalho, felizmente o m\u00eas de janeiro chegou ao fim com uma boa not\u00edcia para a vizinha cidade: o prefeito Paulo Fernandes conseguiu pagar no \u00faltimo dia 30 o funcionalismo municipal. O trabalho da tesouraria da prefeitura, que tem \u00e0 frente Jair Nobre, foi com certeza imprescind\u00edvel para garantir que a folha e os demais empenhos ficassem prontos e organizados no prazo devido. O prefeito n\u00e3o escondia sua apreens\u00e3o para fechar o m\u00eas de janeiro de bem com funcion\u00e1rios e grande parte de fornecedores. Com certeza, a tend\u00eancia \u00e9 melhorar ainda mais.<\/p>\n<p>Tamb\u00e9m conta o prefeito para ajud\u00e1-lo bem diretamente na miss\u00e3o administrativa, com a compet\u00eancia de Dion\u00edzio Mota, que d\u00e1 ritmo \u00e0 Secretaria de Administra\u00e7\u00e3o com seu zelo e caracter\u00edsticas inconfund\u00edveis. \u2018\u2018A seriedade da coisa p\u00fablica tem que ser tomada ao p\u00e9 da letra. Se a administra\u00e7\u00e3o de dr. Paulo Fernandes quer marcar uma nova \u00e9poca em Itarantim, ela j\u00e1 come\u00e7ou bem, moralizando a coisa p\u00fablica, valorizando os servidores municipais e buscando deixar o munic\u00edpio adimplente\u2019\u2019, frisou Dion\u00edzio, ao receber a reportagem de Dimens\u00e3o na \u00faltima quinta-feira, uma vez que o prefeito n\u00e3o se encontrava na prefeitura.<\/p>\n<p><em>Dimens\u00e3o<\/em><\/p>\n","protected":false},"excerpt":{"rendered":"<p>&nbsp; Depois de muitas arruma\u00e7\u00f5es, reuni\u00f5es e montagem da equipe de trabalho, felizmente o m\u00eas de janeiro chegou ao fim com uma boa not\u00edcia para a vizinha cidade: o prefeito Paulo Fernandes conseguiu pagar no \u00faltimo dia 30 o funcionalismo municipal. O trabalho da tesouraria da prefeitura, que tem \u00e0 frente Jair Nobre, foi com [&hellip;]<\/p>\n","protected":false},"author":2,"featured_media":0,"comment_status":"open","ping_status":"open","sticky":false,"template":"","format":"standard","meta":{"footnotes":"","_links_to":"","_links_to_target":""},"categories":[1],"tags":[],"class_list":["post-24173","post","type-post","status-publish","format-standard","hentry","category-geral"],"views":1326,"_links":{"self":[{"href":"https:\/\/www.sudoestehoje.com.br\/novoportal\/wp-json\/wp\/v2\/posts\/24173","targetHints":{"allow":["GET"]}}],"collection":[{"href":"https:\/\/www.sudoestehoje.com.br\/novoportal\/wp-json\/wp\/v2\/posts"}],"about":[{"href":"https:\/\/www.sudoestehoje.com.br\/novoportal\/wp-json\/wp\/v2\/types\/post"}],"author":[{"embeddable":true,"href":"https:\/\/www.sudoestehoje.com.br\/novoportal\/wp-json\/wp\/v2\/users\/2"}],"replies":[{"embeddable":true,"href":"https:\/\/www.sudoestehoje.com.br\/novoportal\/wp-json\/wp\/v2\/comments?post=24173"}],"version-history":[{"count":4,"href":"https:\/\/www.sudoestehoje.com.br\/novoportal\/wp-json\/wp\/v2\/posts\/24173\/revisions"}],"predecessor-version":[{"id":24177,"href":"https:\/\/www.sudoestehoje.com.br\/novoportal\/wp-json\/wp\/v2\/posts\/24173\/revisions\/24177"}],"wp:attachment":[{"href":"https:\/\/www.sudoestehoje.com.br\/novoportal\/wp-json\/wp\/v2\/media?parent=24173"}],"wp:term":[{"taxonomy":"category","embeddable":true,"href":"https:\/\/www.sudoestehoje.com.br\/novoportal\/wp-json\/wp\/v2\/categories?post=24173"},{"taxonomy":"post_tag","embeddable":true,"href":"https:\/\/www.sudoestehoje.com.br\/novoportal\/wp-json\/wp\/v2\/tags?post=24173"}],"curies":[{"name":"wp","href":"https:\/\/api.w.org\/{rel}","templated":true}]}}