
{"id":24164,"date":"2013-02-09T12:59:15","date_gmt":"2013-02-09T15:59:15","guid":{"rendered":"http:\/\/www.sudoestehoje.com.br\/novoportal\/?p=24164"},"modified":"2013-02-09T12:59:15","modified_gmt":"2013-02-09T15:59:15","slug":"nota-de-esclarecimento-da-nova-diretoria-do-sindicato-dos-servidores","status":"publish","type":"post","link":"https:\/\/www.sudoestehoje.com.br\/novoportal\/2013\/02\/09\/nota-de-esclarecimento-da-nova-diretoria-do-sindicato-dos-servidores\/","title":{"rendered":"NOTA DE ESCLARECIMENTO DA NOVA DIRETORIA DO SINDICATO DOS SERVIDORES"},"content":{"rendered":"<p><img decoding=\"async\" class=\"alignleft\" src=\"http:\/\/2.bp.blogspot.com\/-rRIBHj0IJrc\/URML07hnp2I\/AAAAAAAAA24\/0HACQLcmCmw\/s320\/sinditatiba.jpg\" alt=\"\" \/>A situa\u00e7\u00e3o pela qual est\u00e1 passando o Sindicato dos Servidores P\u00fablicos Municipal \u00e9 muito complexa, uma vez que o mandato da diretoria atual est\u00e1 vencido desde 24 de outubro de 2012. O senhor Presidente IVANILDO ALMEIDA PIRES, conhecido popularmente como \u201cDOG\u00c3O\u201d n\u00e3o convocou elei\u00e7\u00f5es sindicais e fez resist\u00eancia para que a mesma n\u00e3o acontecesse. Anteriormente fez uma composi\u00e7\u00e3o de diretoria com registro em cart\u00f3rio, falsificando assinatura de diretores, seguida de uma segunda reforma Estatut\u00e1ria, ampliando seu mandato para 2015. Na citada reforma, no seu artigo 54 no inciso quarto e outros artigos, com seguinte texto: ELEI\u00c7\u00d5ES COM INSCRI\u00c7\u00c3O DE CHAPA \u00daNICA NA SEDE E NOS MUN\u00cdCIPIOS, sendo totalmente inconstitucional, onde os servidores sem conhecimento aprovaram estas irregularidades. Devido \u00e0 impossibilidade da realiza\u00e7\u00e3o de uma Assembl\u00e9ia Geral Extraordin\u00e1ria, por impedimento do Presidente, travando o sindicato, a Junta Governamental foi criada para dirigir o sindicato, paralelamente com uma comiss\u00e3o de trabalhadores que j\u00e1 est\u00e1 sendo formada para fiscalizar a mesma e efetuar uma auditoria dentro do sindicato, punindo os culpados, visando assim uma nova elei\u00e7\u00e3o de forma democr\u00e1tica para uma nova diretoria. \u00c9 preciso que se fa\u00e7a uma terceira reforma estatut\u00e1ria, mudando inclusive o art. 54 no, seu inciso IV e outros artigos, para que se possa fazer a convoca\u00e7\u00e3o de uma assembl\u00e9ia geral de composi\u00e7\u00e3o de uma nova diretoria, atrav\u00e9s de elei\u00e7\u00f5es sindicais.<!--more--><\/p>\n<p>Em nenhum momento estive no gabinete do prefeito fazendo articula\u00e7\u00e3o, n\u00e3o sou filiado ao PT, nas elei\u00e7\u00f5es municipais n\u00e3o fiz campanha para o mesmo. No per\u00edodo de afastamento do presidente para concorrer as elei\u00e7\u00f5es 2012 para vereador, n\u00e3o houve apoio por parte do sindicato ao mesmo, pela maioria dos diretores. A vice presidente RITA ADRIANA, assumiu a presid\u00eancia e eu, P\u00c9RICLES, assumindo a tesouraria geral, foram descobertas in\u00fameras irregularidades praticada pelo presidente como, cheques em m\u00e3os de agiotas, cheque nominal do sindicato \u00e0 sua suposta namorada no valor de R$ 900,00 (novecentos reais), v\u00e1rios saques em casas lot\u00e9ricas e caixas eletr\u00f4nicos, compra de tr\u00eas computadores para o sindicato a onde na realidade s\u00f3 chegaram dois, com o desaparecimento de um outro, v\u00e1rias compras em supermercados feita para o sindicato nos valores de R$ 700 (setecentos reais) que nunca chegaram ao sindicato, compra de \u00f3culos ray ban com cheque do sindicato. No per\u00edodo do seu afastamento, durante o \u00a0pleito eleitoral, foram pagas v\u00e1rias d\u00edvidas deixadas pelo mesmo.<\/p>\n<p>Fui a Salvador buscar apoio junto a CUT &#8211; Central \u00danica dos Trabalhadores, para organizar a situa\u00e7\u00e3o do Sindicato, para que o registro sindical n\u00e3o fosse cassado e desta forma os servidores p\u00fablicos municipais n\u00e3o seriam prejudicados. Em Salvador apresentei os nomes de <em>Sandro, motorista da Sa\u00fade\u201d, Deusdete do Ros\u00e1rio, da Vigil\u00e2ncia Sanit\u00e1ria, Apar\u00edcio Souza, Guarda Municipal, Marcos Antonio, da Vigil\u00e2ncia Sanit\u00e1ria e Indiana Magalh\u00e3es, gari.\u00a0\u00a0\u00a0\u00a0\u00a0\u00a0\u00a0\u00a0 \u00a0\u00a0\u00a0\u00a0\u00a0\u00a0\u00a0\u00a0\u00a0\u00a0\u00a0\u00a0\u00a0\u00a0\u00a0\u00a0\u00a0\u00a0\u00a0\u00a0\u00a0\u00a0\u00a0\u00a0\u00a0\u00a0\u00a0\u00a0\u00a0\u00a0\u00a0\u00a0\u00a0\u00a0\u00a0\u00a0\u00a0\u00a0\u00a0\u00a0\u00a0\u00a0\u00a0\u00a0\u00a0 <strong>\u00a0\u00a0\u00a0\u00a0\u00a0\u00a0\u00a0\u00a0\u00a0\u00a0\u00a0\u00a0\u00a0\u00a0\u00a0\u00a0\u00a0\u00a0\u00a0\u00a0\u00a0\u00a0\u00a0\u00a0\u00a0\u00a0\u00a0\u00a0\u00a0\u00a0\u00a0\u00a0\u00a0\u00a0\u00a0\u00a0\u00a0\u00a0\u00a0\u00a0\u00a0\u00a0\u00a0\u00a0\u00a0\u00a0\u00a0\u00a0\u00a0\u00a0\u00a0\u00a0\u00a0\u00a0\u00a0\u00a0\u00a0\u00a0 <\/strong><\/em><\/p>\n<p>O Presidente Ivanildo e a vice Rita Adriana, que est\u00e3o fazendo den\u00fancias de golpe, sabiam da minha ida a Salvador e a revolta dos mesmos \u00e9 em fun\u00e7\u00e3o de n\u00e3o estarem fazendo parte da Junta Governamental.<\/p>\n<p style=\"text-align: center;\">Itapetinga, 08 de fevereiro de 2013<\/p>\n<p style=\"text-align: center;\"><em>P\u00e9ricles &#8211; Presidente<\/em><\/p>\n","protected":false},"excerpt":{"rendered":"<p>A situa\u00e7\u00e3o pela qual est\u00e1 passando o Sindicato dos Servidores P\u00fablicos Municipal \u00e9 muito complexa, uma vez que o mandato da diretoria atual est\u00e1 vencido desde 24 de outubro de 2012. O senhor Presidente IVANILDO ALMEIDA PIRES, conhecido popularmente como \u201cDOG\u00c3O\u201d n\u00e3o convocou elei\u00e7\u00f5es sindicais e fez resist\u00eancia para que a mesma n\u00e3o acontecesse. Anteriormente [&hellip;]<\/p>\n","protected":false},"author":2,"featured_media":0,"comment_status":"open","ping_status":"open","sticky":false,"template":"","format":"standard","meta":{"footnotes":"","_links_to":"","_links_to_target":""},"categories":[1],"tags":[],"class_list":["post-24164","post","type-post","status-publish","format-standard","hentry","category-geral"],"views":1299,"_links":{"self":[{"href":"https:\/\/www.sudoestehoje.com.br\/novoportal\/wp-json\/wp\/v2\/posts\/24164","targetHints":{"allow":["GET"]}}],"collection":[{"href":"https:\/\/www.sudoestehoje.com.br\/novoportal\/wp-json\/wp\/v2\/posts"}],"about":[{"href":"https:\/\/www.sudoestehoje.com.br\/novoportal\/wp-json\/wp\/v2\/types\/post"}],"author":[{"embeddable":true,"href":"https:\/\/www.sudoestehoje.com.br\/novoportal\/wp-json\/wp\/v2\/users\/2"}],"replies":[{"embeddable":true,"href":"https:\/\/www.sudoestehoje.com.br\/novoportal\/wp-json\/wp\/v2\/comments?post=24164"}],"version-history":[{"count":4,"href":"https:\/\/www.sudoestehoje.com.br\/novoportal\/wp-json\/wp\/v2\/posts\/24164\/revisions"}],"predecessor-version":[{"id":24168,"href":"https:\/\/www.sudoestehoje.com.br\/novoportal\/wp-json\/wp\/v2\/posts\/24164\/revisions\/24168"}],"wp:attachment":[{"href":"https:\/\/www.sudoestehoje.com.br\/novoportal\/wp-json\/wp\/v2\/media?parent=24164"}],"wp:term":[{"taxonomy":"category","embeddable":true,"href":"https:\/\/www.sudoestehoje.com.br\/novoportal\/wp-json\/wp\/v2\/categories?post=24164"},{"taxonomy":"post_tag","embeddable":true,"href":"https:\/\/www.sudoestehoje.com.br\/novoportal\/wp-json\/wp\/v2\/tags?post=24164"}],"curies":[{"name":"wp","href":"https:\/\/api.w.org\/{rel}","templated":true}]}}