
{"id":24156,"date":"2013-02-13T00:05:23","date_gmt":"2013-02-13T03:05:23","guid":{"rendered":"http:\/\/www.sudoestehoje.com.br\/novoportal\/?p=24156"},"modified":"2013-02-13T10:11:14","modified_gmt":"2013-02-13T13:11:14","slug":"vinde-e-vede-fest-2013","status":"publish","type":"post","link":"https:\/\/www.sudoestehoje.com.br\/novoportal\/2013\/02\/13\/vinde-e-vede-fest-2013\/","title":{"rendered":"VINDE E VEDE FEST 2013"},"content":{"rendered":"<div id=\"attachment_24157\" style=\"width: 410px\" class=\"wp-caption aligncenter\"><a href=\"http:\/\/www.sudoestehoje.com.br\/novoportal\/wp-content\/uploads\/2013\/02\/anjossss.jpg\"><img decoding=\"async\" aria-describedby=\"caption-attachment-24157\" class=\" wp-image-24157 \" title=\"anjossss\" src=\"http:\/\/www.sudoestehoje.com.br\/novoportal\/wp-content\/uploads\/2013\/02\/anjossss-353x500.jpg\" alt=\"\" width=\"400\" srcset=\"https:\/\/www.sudoestehoje.com.br\/novoportal\/wp-content\/uploads\/2013\/02\/anjossss-353x500.jpg 353w, https:\/\/www.sudoestehoje.com.br\/novoportal\/wp-content\/uploads\/2013\/02\/anjossss-494x700.jpg 494w, https:\/\/www.sudoestehoje.com.br\/novoportal\/wp-content\/uploads\/2013\/02\/anjossss.jpg 678w\" sizes=\"(max-width: 353px) 100vw, 353px\" \/><\/a><p id=\"caption-attachment-24157\" class=\"wp-caption-text\">VINDE E VEDE FEST 2013 CONTAR\u00c1 COM \u00a0A PRESEN\u00c7A DA \u00a0&#8216;BANDA ANJOS DE RESGATE &#8216;e ANT\u00d4NIO CARDOSO, NO DIA \u00a023 DE MAR\u00c7O, NO GABIRAB\u00c3O EVENTOS<\/p><\/div>\n<p>Em sua sexta edi\u00e7\u00e3o o VINDE E VEDE FEST, promovido pelo Movimento Vinde e Vede de Itapetinga , com o apoio das par\u00f3quias S\u00e3o Jos\u00e9 e Nossa Senhora das Gra\u00e7as, com o objetivo principal de arrecadar fundos para custear o Encontro de Forma\u00e7\u00e3o (em regime de internato durante tr\u00eas dias) que acontece anualmente e, sobretudo a evangeliza\u00e7\u00e3o e louvor, direcionado para toda fam\u00edlia.<\/p>\n<p>Em 2012, podemos prestigiar como atra\u00e7\u00e3o principal a banda de renome Adora\u00e7\u00e3o e Vida de S\u00e3o Paulo. E esse ano n\u00e3o ser\u00e1 diferente, o \u00a0evento contar\u00e1 com as presen\u00e7as da BANDA ANJOS DO RESGATE, conhecida nacional e internacionalmente, \u00a0Ant\u00f4nio Cardoso, tamb\u00e9m de S\u00e3o Paulo, e o Minist\u00e9rio Vinde e Vede de Itapetinga. Com p\u00fablico estimado em 5.000 a 6.000 pessoas.<\/p>\n<p>Os ingressos est\u00e3o custando R$ 15,00 (reais). Outras informa\u00e7\u00f5es poder\u00e3o ser obtidas por meio dos telefones de contatos: Coordena\u00e7\u00e3o do Movimento: (77) 3261-7584\/ 8110- 9677, falar com Higro. Caravanas:\u00a0 (77) 8826-0431\/9140-9205, falar com C\u00e1ssio.<\/p>\n<p>&nbsp;<\/p>\n","protected":false},"excerpt":{"rendered":"<p>Em sua sexta edi\u00e7\u00e3o o VINDE E VEDE FEST, promovido pelo Movimento Vinde e Vede de Itapetinga , com o apoio das par\u00f3quias S\u00e3o Jos\u00e9 e Nossa Senhora das Gra\u00e7as, com o objetivo principal de arrecadar fundos para custear o Encontro de Forma\u00e7\u00e3o (em regime de internato durante tr\u00eas dias) que acontece anualmente e, sobretudo [&hellip;]<\/p>\n","protected":false},"author":2,"featured_media":0,"comment_status":"open","ping_status":"open","sticky":false,"template":"","format":"standard","meta":{"footnotes":"","_links_to":"","_links_to_target":""},"categories":[1],"tags":[],"class_list":["post-24156","post","type-post","status-publish","format-standard","hentry","category-geral"],"views":1657,"_links":{"self":[{"href":"https:\/\/www.sudoestehoje.com.br\/novoportal\/wp-json\/wp\/v2\/posts\/24156","targetHints":{"allow":["GET"]}}],"collection":[{"href":"https:\/\/www.sudoestehoje.com.br\/novoportal\/wp-json\/wp\/v2\/posts"}],"about":[{"href":"https:\/\/www.sudoestehoje.com.br\/novoportal\/wp-json\/wp\/v2\/types\/post"}],"author":[{"embeddable":true,"href":"https:\/\/www.sudoestehoje.com.br\/novoportal\/wp-json\/wp\/v2\/users\/2"}],"replies":[{"embeddable":true,"href":"https:\/\/www.sudoestehoje.com.br\/novoportal\/wp-json\/wp\/v2\/comments?post=24156"}],"version-history":[{"count":7,"href":"https:\/\/www.sudoestehoje.com.br\/novoportal\/wp-json\/wp\/v2\/posts\/24156\/revisions"}],"predecessor-version":[{"id":24161,"href":"https:\/\/www.sudoestehoje.com.br\/novoportal\/wp-json\/wp\/v2\/posts\/24156\/revisions\/24161"}],"wp:attachment":[{"href":"https:\/\/www.sudoestehoje.com.br\/novoportal\/wp-json\/wp\/v2\/media?parent=24156"}],"wp:term":[{"taxonomy":"category","embeddable":true,"href":"https:\/\/www.sudoestehoje.com.br\/novoportal\/wp-json\/wp\/v2\/categories?post=24156"},{"taxonomy":"post_tag","embeddable":true,"href":"https:\/\/www.sudoestehoje.com.br\/novoportal\/wp-json\/wp\/v2\/tags?post=24156"}],"curies":[{"name":"wp","href":"https:\/\/api.w.org\/{rel}","templated":true}]}}