
{"id":24117,"date":"2013-02-07T14:03:22","date_gmt":"2013-02-07T17:03:22","guid":{"rendered":"http:\/\/www.sudoestehoje.com.br\/novoportal\/?p=24117"},"modified":"2013-02-07T14:04:14","modified_gmt":"2013-02-07T17:04:14","slug":"prefeito-reduz-jornada-de-servidores-e-corta-salarios-pela-metade","status":"publish","type":"post","link":"https:\/\/www.sudoestehoje.com.br\/novoportal\/2013\/02\/07\/prefeito-reduz-jornada-de-servidores-e-corta-salarios-pela-metade\/","title":{"rendered":"PREFEITO REDUZ JORNADA DE SERVIDORES E CORTA SAL\u00c1RIOS PELA METADE"},"content":{"rendered":"<p><img decoding=\"async\" class=\"aligncenter\" src=\"http:\/\/www.blogdaresenhageral.com.br\/v1\/wp-content\/uploads\/MAQUINA-NIVAS-FOTOS-011.jpg\" alt=\"\" width=\"400\" \/><\/p>\n<p style=\"text-align: center;\"><em>\u00a0Z\u00e9 Carlos\u00a0cortou sal\u00e1rios de quem mais lhe ajudou na sua reelei\u00e7\u00e3o<\/em><\/p>\n<p>&nbsp;<\/p>\n<p>ITAPETINGA: Sob o pretexto de cortar despesas com pessoal, para aliviar o peso da folha de pagamento nas contas do munic\u00edpio, que j\u00e1 ultrapassa os 70% da receita, o prefeito Z\u00e9 Carlos (PT) determinou o corte indiscriminado na jornada de uma grande parcela dos servidores do munic\u00edpio, nas sua diversas secretarias, reduzindo pela metade as suas cargas hor\u00e1rias e sal\u00e1rios.<\/p>\n<p>Os cortes, segundo fontes ligadas \u00e0 prefeitura, atingiram desde servidores com pouco tempo de casa, at\u00e9 os que j\u00e1 haviam adquirido estabilidade salarial e n\u00e3o poderiam ser inclu\u00eddos na dr\u00e1stica medida.<\/p>\n<p>Por outro lado, o prefeito manteve nas alturas os seus pr\u00f3prios subs\u00eddios, do vice e dos seus secret\u00e1rios, que foram majorados na surdina, pela c\u00e2mara de vereadores, no final do ano passado.<\/p>\n<p>Os cortes de carga hor\u00e1ria e sal\u00e1rios decretados pelo prefeito, pegaram muita gente de surpresa, pois os servidores n\u00e3o foram avisados com anteced\u00eancia e trabalharam per\u00edodo integral no m\u00eas passado, receberam agora s\u00f3 a metade dos sal\u00e1rios. A maioria s\u00f3 ficou sabendo do corte na hora de sacar seus vencimentos na boca do caixa.<\/p>\n<p>Como a esmagadora maioria dos atingidos deu duro para reeleger o prefeito e garantir seus empregos por mais quatro anos, tem gente agora chorando l\u00e1grimas de sangue, de tanto arrependimento.<\/p>\n<p><strong><em>Por Davi Ferraz<\/em><\/strong><\/p>\n","protected":false},"excerpt":{"rendered":"<p>\u00a0Z\u00e9 Carlos\u00a0cortou sal\u00e1rios de quem mais lhe ajudou na sua reelei\u00e7\u00e3o &nbsp; ITAPETINGA: Sob o pretexto de cortar despesas com pessoal, para aliviar o peso da folha de pagamento nas contas do munic\u00edpio, que j\u00e1 ultrapassa os 70% da receita, o prefeito Z\u00e9 Carlos (PT) determinou o corte indiscriminado na jornada de uma grande parcela [&hellip;]<\/p>\n","protected":false},"author":2,"featured_media":0,"comment_status":"open","ping_status":"open","sticky":false,"template":"","format":"standard","meta":{"footnotes":"","_links_to":"","_links_to_target":""},"categories":[1],"tags":[],"class_list":["post-24117","post","type-post","status-publish","format-standard","hentry","category-geral"],"views":1317,"_links":{"self":[{"href":"https:\/\/www.sudoestehoje.com.br\/novoportal\/wp-json\/wp\/v2\/posts\/24117","targetHints":{"allow":["GET"]}}],"collection":[{"href":"https:\/\/www.sudoestehoje.com.br\/novoportal\/wp-json\/wp\/v2\/posts"}],"about":[{"href":"https:\/\/www.sudoestehoje.com.br\/novoportal\/wp-json\/wp\/v2\/types\/post"}],"author":[{"embeddable":true,"href":"https:\/\/www.sudoestehoje.com.br\/novoportal\/wp-json\/wp\/v2\/users\/2"}],"replies":[{"embeddable":true,"href":"https:\/\/www.sudoestehoje.com.br\/novoportal\/wp-json\/wp\/v2\/comments?post=24117"}],"version-history":[{"count":6,"href":"https:\/\/www.sudoestehoje.com.br\/novoportal\/wp-json\/wp\/v2\/posts\/24117\/revisions"}],"predecessor-version":[{"id":24123,"href":"https:\/\/www.sudoestehoje.com.br\/novoportal\/wp-json\/wp\/v2\/posts\/24117\/revisions\/24123"}],"wp:attachment":[{"href":"https:\/\/www.sudoestehoje.com.br\/novoportal\/wp-json\/wp\/v2\/media?parent=24117"}],"wp:term":[{"taxonomy":"category","embeddable":true,"href":"https:\/\/www.sudoestehoje.com.br\/novoportal\/wp-json\/wp\/v2\/categories?post=24117"},{"taxonomy":"post_tag","embeddable":true,"href":"https:\/\/www.sudoestehoje.com.br\/novoportal\/wp-json\/wp\/v2\/tags?post=24117"}],"curies":[{"name":"wp","href":"https:\/\/api.w.org\/{rel}","templated":true}]}}