
{"id":24099,"date":"2013-02-06T00:01:07","date_gmt":"2013-02-06T03:01:07","guid":{"rendered":"http:\/\/www.sudoestehoje.com.br\/novoportal\/?p=24099"},"modified":"2013-02-05T23:59:26","modified_gmt":"2013-02-06T02:59:26","slug":"renan-enfrenta-protestos-antes-de-subir-a-rampa-do-congresso","status":"publish","type":"post","link":"https:\/\/www.sudoestehoje.com.br\/novoportal\/2013\/02\/06\/renan-enfrenta-protestos-antes-de-subir-a-rampa-do-congresso\/","title":{"rendered":"RENAN ENFRENTA PROTESTOS ANTES DE SUBIR A RAMPA DO CONGRESSO"},"content":{"rendered":"<p><img decoding=\"async\" class=\"aligncenter\" src=\"http:\/\/sphotos-e.ak.fbcdn.net\/hphotos-ak-prn1\/487949_604508906230842_1847120309_n.jpg\" alt=\"\" width=\"400\" \/><\/p>\n<p>&nbsp;<\/p>\n<p><strong><em>Estad\u00e3o<\/em><\/strong><\/p>\n<p>Em sua primeira apari\u00e7\u00e3o p\u00fablica ap\u00f3s ser eleito presidente do Senado, Renan Calheiros (PMDB-AL) foi xingado nesta segunda-feira por manifestantes. Enquanto subia a rampa do Congresso Nacional, atividade que faz parte da cerim\u00f4nia de abertura dos trabalhos legislativos, o senador ouviu calado gritos de &#8220;safado&#8221;, &#8220;sem vergonha&#8221; e &#8220;ladr\u00e3o&#8221;. Os manifestantes portavam cartazes &#8220;At\u00e9 quando o Poder Legislativo envergonhar\u00e1 o Brasil?&#8221; e &#8220;Fora Renan ou abaixo o Senado&#8221;.<\/p>\n","protected":false},"excerpt":{"rendered":"<p>&nbsp; Estad\u00e3o Em sua primeira apari\u00e7\u00e3o p\u00fablica ap\u00f3s ser eleito presidente do Senado, Renan Calheiros (PMDB-AL) foi xingado nesta segunda-feira por manifestantes. Enquanto subia a rampa do Congresso Nacional, atividade que faz parte da cerim\u00f4nia de abertura dos trabalhos legislativos, o senador ouviu calado gritos de &#8220;safado&#8221;, &#8220;sem vergonha&#8221; e &#8220;ladr\u00e3o&#8221;. Os manifestantes portavam cartazes [&hellip;]<\/p>\n","protected":false},"author":2,"featured_media":0,"comment_status":"open","ping_status":"open","sticky":false,"template":"","format":"standard","meta":{"footnotes":"","_links_to":"","_links_to_target":""},"categories":[1],"tags":[],"class_list":["post-24099","post","type-post","status-publish","format-standard","hentry","category-geral"],"views":1134,"_links":{"self":[{"href":"https:\/\/www.sudoestehoje.com.br\/novoportal\/wp-json\/wp\/v2\/posts\/24099","targetHints":{"allow":["GET"]}}],"collection":[{"href":"https:\/\/www.sudoestehoje.com.br\/novoportal\/wp-json\/wp\/v2\/posts"}],"about":[{"href":"https:\/\/www.sudoestehoje.com.br\/novoportal\/wp-json\/wp\/v2\/types\/post"}],"author":[{"embeddable":true,"href":"https:\/\/www.sudoestehoje.com.br\/novoportal\/wp-json\/wp\/v2\/users\/2"}],"replies":[{"embeddable":true,"href":"https:\/\/www.sudoestehoje.com.br\/novoportal\/wp-json\/wp\/v2\/comments?post=24099"}],"version-history":[{"count":4,"href":"https:\/\/www.sudoestehoje.com.br\/novoportal\/wp-json\/wp\/v2\/posts\/24099\/revisions"}],"predecessor-version":[{"id":24103,"href":"https:\/\/www.sudoestehoje.com.br\/novoportal\/wp-json\/wp\/v2\/posts\/24099\/revisions\/24103"}],"wp:attachment":[{"href":"https:\/\/www.sudoestehoje.com.br\/novoportal\/wp-json\/wp\/v2\/media?parent=24099"}],"wp:term":[{"taxonomy":"category","embeddable":true,"href":"https:\/\/www.sudoestehoje.com.br\/novoportal\/wp-json\/wp\/v2\/categories?post=24099"},{"taxonomy":"post_tag","embeddable":true,"href":"https:\/\/www.sudoestehoje.com.br\/novoportal\/wp-json\/wp\/v2\/tags?post=24099"}],"curies":[{"name":"wp","href":"https:\/\/api.w.org\/{rel}","templated":true}]}}