
{"id":24076,"date":"2013-02-05T18:59:34","date_gmt":"2013-02-05T21:59:34","guid":{"rendered":"http:\/\/www.sudoestehoje.com.br\/novoportal\/?p=24076"},"modified":"2013-02-05T18:59:34","modified_gmt":"2013-02-05T21:59:34","slug":"wagner-amansa-e-vai-pagar-reajuste-aos-professores-e-distribuir-tablets","status":"publish","type":"post","link":"https:\/\/www.sudoestehoje.com.br\/novoportal\/2013\/02\/05\/wagner-amansa-e-vai-pagar-reajuste-aos-professores-e-distribuir-tablets\/","title":{"rendered":"WAGNER &#8220;AMANSA&#8221; E VAI PAGAR REAJUSTE AOS PROFESSORES E DISTRIBUIR TABLETS"},"content":{"rendered":"<p><img decoding=\"async\" class=\"aligncenter\" src=\"http:\/\/www.bahianoticias.com.br\/fotos\/principal_noticias\/130795\/IMAGEM_NOTICIA_5.jpg\" alt=\"Wagner anuncia pagamento de reajuste aos professores e distribui\u00e7\u00e3o de 31 mil tablets\" width=\"400\" \/><\/p>\n<p style=\"text-align: center;\"><em>&#8216;Bonzinho&#8217;, Wagner vai pagar reajuste retroativo antes do carnaval<\/em><\/p>\n<p>&nbsp;<\/p>\n<p>O reajuste salarial de 7% reivindicado pelos professores da rede estadual de ensino da Bahia foi confirmado nesta ter\u00e7a-feira (5) pelo governador Jaques Wagner. O pagamento ser\u00e1 retroativo a novembro do ano passado e deve ser efetivado na pr\u00f3xima sexta (8).<\/p>\n<p>Em reuni\u00e3o com dirigentes do Sindicato dos Trabalhadores em Educa\u00e7\u00e3o da Bahia (APLB), Wagner anunciou ainda a distribui\u00e7\u00e3o de 31 mil tablets para os docentes baianos, em at\u00e9 100 dias, em uma parceria com o governo federal. \u201cMeu compromisso com a Educa\u00e7\u00e3o \u00e9 o de sempre, e vai continuar. Com a categoria tamb\u00e9m. Me interessa muito que a gente possa retomar o di\u00e1logo destravado de qualquer tipo de rancor e de remorso pelo que aconteceu. A p\u00e1gina est\u00e1 virada\u201d, pontuou o governador, ao lembrar do impasse no per\u00edodo de greve no ano passado que deixou estudantes sem aula por mais de 100 dias. \u201cFelizmente, 95% [dos professores] cumpriu o curso, os outros 5% ainda t\u00eam agora o m\u00eas de fevereiro para conquistar a carga hor\u00e1ria\u201d, afirmou.<\/p>\n<p>Presente no encontro, o coordenador-geral do APLB, Rui Oliveira, avaliou as not\u00edcias como positivas. \u201cVinte e oito mil trabalhadores se inscreveram no curso e fizemos investidas nos secret\u00e1rios de Administra\u00e7\u00e3o e da Educa\u00e7\u00e3o, e agora no governador, no sentido de que os 7% fossem pagos antes do carnaval. Conseguimos. Vamos come\u00e7ar a comemorar no carnaval\u201d, disse o dirigente, que apontou a continuidade da discuss\u00e3o de melhorias para a categoria, entre elas a de redu\u00e7\u00e3o da carga hor\u00e1ria. BN<\/p>\n","protected":false},"excerpt":{"rendered":"<p>&#8216;Bonzinho&#8217;, Wagner vai pagar reajuste retroativo antes do carnaval &nbsp; O reajuste salarial de 7% reivindicado pelos professores da rede estadual de ensino da Bahia foi confirmado nesta ter\u00e7a-feira (5) pelo governador Jaques Wagner. O pagamento ser\u00e1 retroativo a novembro do ano passado e deve ser efetivado na pr\u00f3xima sexta (8). Em reuni\u00e3o com dirigentes [&hellip;]<\/p>\n","protected":false},"author":2,"featured_media":0,"comment_status":"open","ping_status":"open","sticky":false,"template":"","format":"standard","meta":{"footnotes":"","_links_to":"","_links_to_target":""},"categories":[1],"tags":[],"class_list":["post-24076","post","type-post","status-publish","format-standard","hentry","category-geral"],"views":1277,"_links":{"self":[{"href":"https:\/\/www.sudoestehoje.com.br\/novoportal\/wp-json\/wp\/v2\/posts\/24076","targetHints":{"allow":["GET"]}}],"collection":[{"href":"https:\/\/www.sudoestehoje.com.br\/novoportal\/wp-json\/wp\/v2\/posts"}],"about":[{"href":"https:\/\/www.sudoestehoje.com.br\/novoportal\/wp-json\/wp\/v2\/types\/post"}],"author":[{"embeddable":true,"href":"https:\/\/www.sudoestehoje.com.br\/novoportal\/wp-json\/wp\/v2\/users\/2"}],"replies":[{"embeddable":true,"href":"https:\/\/www.sudoestehoje.com.br\/novoportal\/wp-json\/wp\/v2\/comments?post=24076"}],"version-history":[{"count":4,"href":"https:\/\/www.sudoestehoje.com.br\/novoportal\/wp-json\/wp\/v2\/posts\/24076\/revisions"}],"predecessor-version":[{"id":24080,"href":"https:\/\/www.sudoestehoje.com.br\/novoportal\/wp-json\/wp\/v2\/posts\/24076\/revisions\/24080"}],"wp:attachment":[{"href":"https:\/\/www.sudoestehoje.com.br\/novoportal\/wp-json\/wp\/v2\/media?parent=24076"}],"wp:term":[{"taxonomy":"category","embeddable":true,"href":"https:\/\/www.sudoestehoje.com.br\/novoportal\/wp-json\/wp\/v2\/categories?post=24076"},{"taxonomy":"post_tag","embeddable":true,"href":"https:\/\/www.sudoestehoje.com.br\/novoportal\/wp-json\/wp\/v2\/tags?post=24076"}],"curies":[{"name":"wp","href":"https:\/\/api.w.org\/{rel}","templated":true}]}}