
{"id":24050,"date":"2013-02-04T19:55:15","date_gmt":"2013-02-04T22:55:15","guid":{"rendered":"http:\/\/www.sudoestehoje.com.br\/novoportal\/?p=24050"},"modified":"2013-02-04T20:11:46","modified_gmt":"2013-02-04T23:11:46","slug":"gama-sobrinho-da-as-cartas-na-camara-de-vereadores-de-itapetinga","status":"publish","type":"post","link":"https:\/\/www.sudoestehoje.com.br\/novoportal\/2013\/02\/04\/gama-sobrinho-da-as-cartas-na-camara-de-vereadores-de-itapetinga\/","title":{"rendered":"GAMA SOBRINHO D\u00c1 AS CARTAS NA C\u00c2MARA DE VEREADORES DE ITAPETINGA"},"content":{"rendered":"<p><img decoding=\"async\" class=\"alignleft\" src=\"http:\/\/www.blogdodigadiga.com.br\/v1\/wp-content\/uploads\/2013\/02\/263017_234102436606233_2255009_n.jpg\" alt=\"263017_234102436606233_2255009_n\" \/>ITAPETINGA: Quem est\u00e1 com poder absoluto na c\u00e2mara de vereadores de Itapetinga, mesmo sem mandato de vereador, \u00e9 o experiente pol\u00edtico Gama Sobrinho, que foi nomeado para o cargo de Chefe de Gabinete da presid\u00eancia da c\u00e2mara, cargo mais alto entre os nomeados. O ex\u2013vereador foi um dos respons\u00e1veis pela elei\u00e7\u00e3o de N\u00eddia do Bicho (PDT), atual presidente da Mesa Diretora da C\u00e2mara, coordenando diretamente sua campanha.<\/p>\n<p>\u201cGaminha&#8230;\u201d, como \u00e9 conhecido, conseguiu varrer para debaixo do tapete o ex-vereador Romildo Teixeira, que h\u00e1 alguns meses atr\u00e1s era o manda chuva do PDT, partido no qual Gama e Nidia s\u00e3o filiados. Desprezado pelos seus antigos correligion\u00e1rios, Romildo &#8216;rodou a baiana&#8217; \u00a0e anunciou a sua desfilia\u00e7\u00e3o do PDT, dizendo que vai abrir m\u00e3o da primeira supl\u00eancia.<\/p>\n<p>Por tr\u00e1s dessa artimanha de Romildo, entretanto, h\u00e1 um plano diab\u00f3lico para reconduzir o mal afamado Jaci B\u00f3 \u00e0 C\u00e2mara Municipal, numa jogada que envolveria a cassa\u00e7\u00e3o do vereador Jos\u00e9 Roberto Menezes, tamb\u00e9m de PDT, abrindo vaga para o 2\u00ba suplente. Para quem conhece Romildo, Jaci e companhia, nada disto \u00e9 imposs\u00edvel.<\/p>\n<p><em><strong>Por Davi Ferraz<\/strong> (com informa\u00e7\u00f5es do Blog do Diga Diga)<\/em><\/p>\n","protected":false},"excerpt":{"rendered":"<p>ITAPETINGA: Quem est\u00e1 com poder absoluto na c\u00e2mara de vereadores de Itapetinga, mesmo sem mandato de vereador, \u00e9 o experiente pol\u00edtico Gama Sobrinho, que foi nomeado para o cargo de Chefe de Gabinete da presid\u00eancia da c\u00e2mara, cargo mais alto entre os nomeados. O ex\u2013vereador foi um dos respons\u00e1veis pela elei\u00e7\u00e3o de N\u00eddia do Bicho [&hellip;]<\/p>\n","protected":false},"author":2,"featured_media":0,"comment_status":"open","ping_status":"open","sticky":false,"template":"","format":"standard","meta":{"footnotes":"","_links_to":"","_links_to_target":""},"categories":[1],"tags":[],"class_list":["post-24050","post","type-post","status-publish","format-standard","hentry","category-geral"],"views":1168,"_links":{"self":[{"href":"https:\/\/www.sudoestehoje.com.br\/novoportal\/wp-json\/wp\/v2\/posts\/24050","targetHints":{"allow":["GET"]}}],"collection":[{"href":"https:\/\/www.sudoestehoje.com.br\/novoportal\/wp-json\/wp\/v2\/posts"}],"about":[{"href":"https:\/\/www.sudoestehoje.com.br\/novoportal\/wp-json\/wp\/v2\/types\/post"}],"author":[{"embeddable":true,"href":"https:\/\/www.sudoestehoje.com.br\/novoportal\/wp-json\/wp\/v2\/users\/2"}],"replies":[{"embeddable":true,"href":"https:\/\/www.sudoestehoje.com.br\/novoportal\/wp-json\/wp\/v2\/comments?post=24050"}],"version-history":[{"count":6,"href":"https:\/\/www.sudoestehoje.com.br\/novoportal\/wp-json\/wp\/v2\/posts\/24050\/revisions"}],"predecessor-version":[{"id":24060,"href":"https:\/\/www.sudoestehoje.com.br\/novoportal\/wp-json\/wp\/v2\/posts\/24050\/revisions\/24060"}],"wp:attachment":[{"href":"https:\/\/www.sudoestehoje.com.br\/novoportal\/wp-json\/wp\/v2\/media?parent=24050"}],"wp:term":[{"taxonomy":"category","embeddable":true,"href":"https:\/\/www.sudoestehoje.com.br\/novoportal\/wp-json\/wp\/v2\/categories?post=24050"},{"taxonomy":"post_tag","embeddable":true,"href":"https:\/\/www.sudoestehoje.com.br\/novoportal\/wp-json\/wp\/v2\/tags?post=24050"}],"curies":[{"name":"wp","href":"https:\/\/api.w.org\/{rel}","templated":true}]}}