
{"id":24037,"date":"2013-02-04T18:01:50","date_gmt":"2013-02-04T21:01:50","guid":{"rendered":"http:\/\/www.sudoestehoje.com.br\/novoportal\/?p=24037"},"modified":"2013-02-04T18:01:50","modified_gmt":"2013-02-04T21:01:50","slug":"debandada-geral-no-pr","status":"publish","type":"post","link":"https:\/\/www.sudoestehoje.com.br\/novoportal\/2013\/02\/04\/debandada-geral-no-pr\/","title":{"rendered":"DEBANDADA GERAL NO PR"},"content":{"rendered":"<p><img decoding=\"async\" class=\"aligncenter\" src=\"http:\/\/www.pimenta.blog.br\/wp-content\/uploads\/Sandro-R%C3%A9gis.jpg\" alt=\"Sandro R\u00e9gis e Elmar Nascimento pretendem sair do PR\" width=\"400\" \/><\/p>\n<p style=\"text-align: center;\"><em>Sandro R\u00e9gis e Elmar Nascimentos devem deixar o PR\u00a0<\/em><\/p>\n<p>&nbsp;<\/p>\n<p>Com um p\u00e9 na base aliada do governo Wagner e outro na oposi\u00e7\u00e3o, o PR dever\u00e1 sofrer uma baixa dentro de pouco tempo. O jornal\u00a0<em>Tribuna da Bahia\u00a0<\/em>anuncia nesta segunda-feira, 4, que tr\u00eas deputados da ala oposicionista (dois estaduais e um federal) planejam deixar o partido.<\/p>\n<p>Est\u00e3o de malas prontas os estaduais Sandro R\u00e9gis e Elmar Nascimento, e o federal Maur\u00edcio Trindade, que j\u00e1 ocupa cargo de secret\u00e1rio de Administra\u00e7\u00e3o no governo de ACM Neto (DEM) em Salvador. Os atuais republicanos aguardam somente um respaldo jur\u00eddico para evitar futuros questionamentos de infidelidade partid\u00e1ria.<\/p>\n<p>Situa\u00e7\u00e3o curiosa \u00e9 a do deputado estadual Reinaldo Braga, tamb\u00e9m do PR, cujo filho foi escolhido por Neto para comandar as prefeituras de bairro. Braga, que \u00e9 da base de Wagner, afirma que o herdeiro tem rela\u00e7\u00e3o pessoal com o prefeito.<em> Pimenta<\/em><\/p>\n","protected":false},"excerpt":{"rendered":"<p>Sandro R\u00e9gis e Elmar Nascimentos devem deixar o PR\u00a0 &nbsp; Com um p\u00e9 na base aliada do governo Wagner e outro na oposi\u00e7\u00e3o, o PR dever\u00e1 sofrer uma baixa dentro de pouco tempo. O jornal\u00a0Tribuna da Bahia\u00a0anuncia nesta segunda-feira, 4, que tr\u00eas deputados da ala oposicionista (dois estaduais e um federal) planejam deixar o partido. [&hellip;]<\/p>\n","protected":false},"author":2,"featured_media":0,"comment_status":"open","ping_status":"open","sticky":false,"template":"","format":"standard","meta":{"footnotes":"","_links_to":"","_links_to_target":""},"categories":[1],"tags":[],"class_list":["post-24037","post","type-post","status-publish","format-standard","hentry","category-geral"],"views":1192,"_links":{"self":[{"href":"https:\/\/www.sudoestehoje.com.br\/novoportal\/wp-json\/wp\/v2\/posts\/24037","targetHints":{"allow":["GET"]}}],"collection":[{"href":"https:\/\/www.sudoestehoje.com.br\/novoportal\/wp-json\/wp\/v2\/posts"}],"about":[{"href":"https:\/\/www.sudoestehoje.com.br\/novoportal\/wp-json\/wp\/v2\/types\/post"}],"author":[{"embeddable":true,"href":"https:\/\/www.sudoestehoje.com.br\/novoportal\/wp-json\/wp\/v2\/users\/2"}],"replies":[{"embeddable":true,"href":"https:\/\/www.sudoestehoje.com.br\/novoportal\/wp-json\/wp\/v2\/comments?post=24037"}],"version-history":[{"count":2,"href":"https:\/\/www.sudoestehoje.com.br\/novoportal\/wp-json\/wp\/v2\/posts\/24037\/revisions"}],"predecessor-version":[{"id":24039,"href":"https:\/\/www.sudoestehoje.com.br\/novoportal\/wp-json\/wp\/v2\/posts\/24037\/revisions\/24039"}],"wp:attachment":[{"href":"https:\/\/www.sudoestehoje.com.br\/novoportal\/wp-json\/wp\/v2\/media?parent=24037"}],"wp:term":[{"taxonomy":"category","embeddable":true,"href":"https:\/\/www.sudoestehoje.com.br\/novoportal\/wp-json\/wp\/v2\/categories?post=24037"},{"taxonomy":"post_tag","embeddable":true,"href":"https:\/\/www.sudoestehoje.com.br\/novoportal\/wp-json\/wp\/v2\/tags?post=24037"}],"curies":[{"name":"wp","href":"https:\/\/api.w.org\/{rel}","templated":true}]}}