
{"id":24026,"date":"2013-02-04T16:56:39","date_gmt":"2013-02-04T19:56:39","guid":{"rendered":"http:\/\/www.sudoestehoje.com.br\/novoportal\/?p=24026"},"modified":"2013-02-04T16:56:39","modified_gmt":"2013-02-04T19:56:39","slug":"familia-esta-preocupada-com-desaparecimento-de-beto","status":"publish","type":"post","link":"https:\/\/www.sudoestehoje.com.br\/novoportal\/2013\/02\/04\/familia-esta-preocupada-com-desaparecimento-de-beto\/","title":{"rendered":"FAM\u00cdLIA EST\u00c1 PREOCUPADA COM DESAPARECIMENTO DE &#8220;BETO&#8221;"},"content":{"rendered":"<p><img decoding=\"async\" class=\"alignleft\" src=\"http:\/\/www.itapetinga24horas.com\/wp-content\/uploads\/2013\/02\/LACERDA-+++.jpg\" alt=\"\" width=\"230\" \/>O Sr. Jos\u00e9 Carlos Lacerda de Oliveira compareceu ao Complexo Policial de Itapetinga, na noite de domingo (03), para registrar o desaparecimento do seu irm\u00e3o Paulo Roberto Lacerda de Oliveira, de 48 anos, popularmente conhecido por &#8220;Beto&#8221;, que saiu de casa no \u00faltimo s\u00e1bado, para ir \u00e0 feira, e at\u00e9 agora n\u00e3o retornou, nem foi localizado. As compras feitas por ele foram entregues por um moto-taxista na resid\u00eancias de seus pais, onde reside, e de l\u00e1 para c\u00e1 n\u00e3o retornou, nem manteve contato com seus familiares.<\/p>\n<p>&#8220;Beto&#8221; n\u00e3o sofre de nenhuma doen\u00e7a e \u00e9 pessoa com total dom\u00ednio das suas faculdades mentais, sem raz\u00f5es aparentes para o seu desaparecimento. Amigos j\u00e1 foram contactados, mas ningu\u00e9m soube dar not\u00edcia do seu paradeiro. \u00a0Ele \u00e9 morador da Rua Itaberaba, no bairro Camac\u00e3 e quando saiu de casa trajava, short, camiseta e sand\u00e1lia<\/p>\n<p>Quem tiver alguma informa\u00e7\u00f5es sobre o paradeiro de \u201cBeto\u201d, favor \u00a0ligar para os telefones: (77) 9118-5401 ou (77) 3261-5012.<\/p>\n","protected":false},"excerpt":{"rendered":"<p>O Sr. Jos\u00e9 Carlos Lacerda de Oliveira compareceu ao Complexo Policial de Itapetinga, na noite de domingo (03), para registrar o desaparecimento do seu irm\u00e3o Paulo Roberto Lacerda de Oliveira, de 48 anos, popularmente conhecido por &#8220;Beto&#8221;, que saiu de casa no \u00faltimo s\u00e1bado, para ir \u00e0 feira, e at\u00e9 agora n\u00e3o retornou, nem foi [&hellip;]<\/p>\n","protected":false},"author":2,"featured_media":0,"comment_status":"open","ping_status":"open","sticky":false,"template":"","format":"standard","meta":{"footnotes":"","_links_to":"","_links_to_target":""},"categories":[1],"tags":[],"class_list":["post-24026","post","type-post","status-publish","format-standard","hentry","category-geral"],"views":1220,"_links":{"self":[{"href":"https:\/\/www.sudoestehoje.com.br\/novoportal\/wp-json\/wp\/v2\/posts\/24026","targetHints":{"allow":["GET"]}}],"collection":[{"href":"https:\/\/www.sudoestehoje.com.br\/novoportal\/wp-json\/wp\/v2\/posts"}],"about":[{"href":"https:\/\/www.sudoestehoje.com.br\/novoportal\/wp-json\/wp\/v2\/types\/post"}],"author":[{"embeddable":true,"href":"https:\/\/www.sudoestehoje.com.br\/novoportal\/wp-json\/wp\/v2\/users\/2"}],"replies":[{"embeddable":true,"href":"https:\/\/www.sudoestehoje.com.br\/novoportal\/wp-json\/wp\/v2\/comments?post=24026"}],"version-history":[{"count":3,"href":"https:\/\/www.sudoestehoje.com.br\/novoportal\/wp-json\/wp\/v2\/posts\/24026\/revisions"}],"predecessor-version":[{"id":24029,"href":"https:\/\/www.sudoestehoje.com.br\/novoportal\/wp-json\/wp\/v2\/posts\/24026\/revisions\/24029"}],"wp:attachment":[{"href":"https:\/\/www.sudoestehoje.com.br\/novoportal\/wp-json\/wp\/v2\/media?parent=24026"}],"wp:term":[{"taxonomy":"category","embeddable":true,"href":"https:\/\/www.sudoestehoje.com.br\/novoportal\/wp-json\/wp\/v2\/categories?post=24026"},{"taxonomy":"post_tag","embeddable":true,"href":"https:\/\/www.sudoestehoje.com.br\/novoportal\/wp-json\/wp\/v2\/tags?post=24026"}],"curies":[{"name":"wp","href":"https:\/\/api.w.org\/{rel}","templated":true}]}}