
{"id":24023,"date":"2013-02-04T16:10:17","date_gmt":"2013-02-04T19:10:17","guid":{"rendered":"http:\/\/www.sudoestehoje.com.br\/novoportal\/?p=24023"},"modified":"2013-02-04T16:10:17","modified_gmt":"2013-02-04T19:10:17","slug":"com-271-votos-peemedebista-henrique-alves-e-eleito-presidente-da-camara","status":"publish","type":"post","link":"https:\/\/www.sudoestehoje.com.br\/novoportal\/2013\/02\/04\/com-271-votos-peemedebista-henrique-alves-e-eleito-presidente-da-camara\/","title":{"rendered":"COM 271 VOTOS, PEEMEDEBISTA HENRIQUE ALVES \u00c9 ELEITO PRESIDENTE DA C\u00c2MARA"},"content":{"rendered":"<p style=\"text-align: center;\"><img decoding=\"async\" class=\"aligncenter\" src=\"http:\/\/noticias.portalbraganca.com.br\/wp-content\/uploads\/2013\/02\/henriquecardosoalves.jpg\" alt=\"Henrique Eduardo Alves (PMDB-RN) - Foto: Antonio Cruz\/ABr\" width=\"400\" \/><\/p>\n<p>&nbsp;<\/p>\n<p>O deputado federal Henrique Alves (PMDB-RN) foi eleito presidente da Casa em vota\u00e7\u00e3o nesta segunda-feira (4), com 271 votos. O segundo lugar ficou J\u00falio Delgado (PSB-MG) que obteve 165 votos. Rose de Freitas (PMDB-ES) \u00a0teve 47 e Chico Alencar (PSOL-RJ), 11. O antecessor Marco Maia (PT-RS) anunciou o fim da vota\u00e7\u00e3o \u00e0s 13h10, que havia come\u00e7ado por volta das 11h30.\u00a0A primeira e segunda vice-presid\u00eancia da C\u00e2mara ficou com Andr\u00e9 Vargas (PT-PR) e F\u00e1bio Faria (PSD-RN). J\u00e1 a primeira-secretaria ficou com M\u00e1rcio Bittar (PSDB-AC) e a segunda-secretaria com Sim\u00e3o Sessim (PP-RJ). Terceira-secretaria e quarta ficaram respectivamente com Maur\u00edcio Quintella Lessa (PR-AL) e Carlos Biffi (PT-MS).<\/p>\n","protected":false},"excerpt":{"rendered":"<p>&nbsp; O deputado federal Henrique Alves (PMDB-RN) foi eleito presidente da Casa em vota\u00e7\u00e3o nesta segunda-feira (4), com 271 votos. O segundo lugar ficou J\u00falio Delgado (PSB-MG) que obteve 165 votos. Rose de Freitas (PMDB-ES) \u00a0teve 47 e Chico Alencar (PSOL-RJ), 11. O antecessor Marco Maia (PT-RS) anunciou o fim da vota\u00e7\u00e3o \u00e0s 13h10, que [&hellip;]<\/p>\n","protected":false},"author":2,"featured_media":0,"comment_status":"open","ping_status":"open","sticky":false,"template":"","format":"standard","meta":{"footnotes":"","_links_to":"","_links_to_target":""},"categories":[1],"tags":[],"class_list":["post-24023","post","type-post","status-publish","format-standard","hentry","category-geral"],"views":1125,"_links":{"self":[{"href":"https:\/\/www.sudoestehoje.com.br\/novoportal\/wp-json\/wp\/v2\/posts\/24023","targetHints":{"allow":["GET"]}}],"collection":[{"href":"https:\/\/www.sudoestehoje.com.br\/novoportal\/wp-json\/wp\/v2\/posts"}],"about":[{"href":"https:\/\/www.sudoestehoje.com.br\/novoportal\/wp-json\/wp\/v2\/types\/post"}],"author":[{"embeddable":true,"href":"https:\/\/www.sudoestehoje.com.br\/novoportal\/wp-json\/wp\/v2\/users\/2"}],"replies":[{"embeddable":true,"href":"https:\/\/www.sudoestehoje.com.br\/novoportal\/wp-json\/wp\/v2\/comments?post=24023"}],"version-history":[{"count":2,"href":"https:\/\/www.sudoestehoje.com.br\/novoportal\/wp-json\/wp\/v2\/posts\/24023\/revisions"}],"predecessor-version":[{"id":24025,"href":"https:\/\/www.sudoestehoje.com.br\/novoportal\/wp-json\/wp\/v2\/posts\/24023\/revisions\/24025"}],"wp:attachment":[{"href":"https:\/\/www.sudoestehoje.com.br\/novoportal\/wp-json\/wp\/v2\/media?parent=24023"}],"wp:term":[{"taxonomy":"category","embeddable":true,"href":"https:\/\/www.sudoestehoje.com.br\/novoportal\/wp-json\/wp\/v2\/categories?post=24023"},{"taxonomy":"post_tag","embeddable":true,"href":"https:\/\/www.sudoestehoje.com.br\/novoportal\/wp-json\/wp\/v2\/tags?post=24023"}],"curies":[{"name":"wp","href":"https:\/\/api.w.org\/{rel}","templated":true}]}}