
{"id":24014,"date":"2013-02-04T00:42:47","date_gmt":"2013-02-04T03:42:47","guid":{"rendered":"http:\/\/www.sudoestehoje.com.br\/novoportal\/?p=24014"},"modified":"2013-02-03T20:45:58","modified_gmt":"2013-02-03T23:45:58","slug":"prefeito-de-macarani-reclama-da-falta-de-apoio-do-governador","status":"publish","type":"post","link":"https:\/\/www.sudoestehoje.com.br\/novoportal\/2013\/02\/04\/prefeito-de-macarani-reclama-da-falta-de-apoio-do-governador\/","title":{"rendered":"PREFEITO DE MACARANI RECLAMA DA FALTA DE APOIO DO GOVERNADOR"},"content":{"rendered":"<p><img decoding=\"async\" class=\"aligncenter\" src=\"http:\/\/img.blogdoanderson.com\/2013\/02\/DSC_2737-400x268.jpg\" alt=\"\" \/><\/p>\n<p>&nbsp;<\/p>\n<p>Em Macarani, o prefeito Ant\u00f4nio Carlos Macedo Ara\u00fajo (PMDB) garantiu a sua reelei\u00e7\u00e3o com 56,17% dos votos contra os 43,83% de Paulo Lacerda (PDT), n\u00famero esse que atribuiu ao reconhecimento da popula\u00e7\u00e3o para com o seu Governo que est\u00e1 transformando o munic\u00edpio do Sudoeste Baiano. Sobre o assunto, Carlinhos, nome popular do empres\u00e1rio maracaniense, falou ao Blog do Anderson na tarde deste s\u00e1bado (2). Na oportunidade, o pemedebista lan\u00e7ou elogios ao prefeito de Vit\u00f3ria da Conquista, Guilherme Menezes (PT), e lan\u00e7ou criticas ao governador Jaques Wagner, que para ele se esqueceu de Macarani, pois nenhum investimento tem chegado para a sua cidade. Um dos grandes desafios nesse seu segundo mandato ser\u00e1 tapar o buraco do desemprego deixado pela Azaleia\/Vulcabr\u00e1s.<\/p>\n","protected":false},"excerpt":{"rendered":"<p>&nbsp; Em Macarani, o prefeito Ant\u00f4nio Carlos Macedo Ara\u00fajo (PMDB) garantiu a sua reelei\u00e7\u00e3o com 56,17% dos votos contra os 43,83% de Paulo Lacerda (PDT), n\u00famero esse que atribuiu ao reconhecimento da popula\u00e7\u00e3o para com o seu Governo que est\u00e1 transformando o munic\u00edpio do Sudoeste Baiano. Sobre o assunto, Carlinhos, nome popular do empres\u00e1rio maracaniense, [&hellip;]<\/p>\n","protected":false},"author":2,"featured_media":0,"comment_status":"open","ping_status":"open","sticky":false,"template":"","format":"standard","meta":{"footnotes":"","_links_to":"","_links_to_target":""},"categories":[1],"tags":[],"class_list":["post-24014","post","type-post","status-publish","format-standard","hentry","category-geral"],"views":1223,"_links":{"self":[{"href":"https:\/\/www.sudoestehoje.com.br\/novoportal\/wp-json\/wp\/v2\/posts\/24014","targetHints":{"allow":["GET"]}}],"collection":[{"href":"https:\/\/www.sudoestehoje.com.br\/novoportal\/wp-json\/wp\/v2\/posts"}],"about":[{"href":"https:\/\/www.sudoestehoje.com.br\/novoportal\/wp-json\/wp\/v2\/types\/post"}],"author":[{"embeddable":true,"href":"https:\/\/www.sudoestehoje.com.br\/novoportal\/wp-json\/wp\/v2\/users\/2"}],"replies":[{"embeddable":true,"href":"https:\/\/www.sudoestehoje.com.br\/novoportal\/wp-json\/wp\/v2\/comments?post=24014"}],"version-history":[{"count":2,"href":"https:\/\/www.sudoestehoje.com.br\/novoportal\/wp-json\/wp\/v2\/posts\/24014\/revisions"}],"predecessor-version":[{"id":24016,"href":"https:\/\/www.sudoestehoje.com.br\/novoportal\/wp-json\/wp\/v2\/posts\/24014\/revisions\/24016"}],"wp:attachment":[{"href":"https:\/\/www.sudoestehoje.com.br\/novoportal\/wp-json\/wp\/v2\/media?parent=24014"}],"wp:term":[{"taxonomy":"category","embeddable":true,"href":"https:\/\/www.sudoestehoje.com.br\/novoportal\/wp-json\/wp\/v2\/categories?post=24014"},{"taxonomy":"post_tag","embeddable":true,"href":"https:\/\/www.sudoestehoje.com.br\/novoportal\/wp-json\/wp\/v2\/tags?post=24014"}],"curies":[{"name":"wp","href":"https:\/\/api.w.org\/{rel}","templated":true}]}}