
{"id":24007,"date":"2013-02-04T00:40:16","date_gmt":"2013-02-04T03:40:16","guid":{"rendered":"http:\/\/www.sudoestehoje.com.br\/novoportal\/?p=24007"},"modified":"2013-02-04T00:53:12","modified_gmt":"2013-02-04T03:53:12","slug":"candidato-a-presidencia-do-paraguai-morre-em-queda-de-helicoptero","status":"publish","type":"post","link":"https:\/\/www.sudoestehoje.com.br\/novoportal\/2013\/02\/04\/candidato-a-presidencia-do-paraguai-morre-em-queda-de-helicoptero\/","title":{"rendered":"CANDIDATO \u00c0 PRESID\u00caNCIA DO PARAGUAI MORRE EM QUEDA DE HELIC\u00d3PTERO"},"content":{"rendered":"<p style=\"text-align: center;\"><img decoding=\"async\" class=\"aligncenter\" src=\"http:\/\/estaticos01.cache.el-mundo.net\/america\/imagenes\/2013\/02\/03\/noticias\/1359898753_0.jpg\" alt=\"\" width=\"400\" \/><\/p>\n<p>&nbsp;<\/p>\n<p>O candidato \u00e0 presid\u00eancia do Paraguai pelo partido Unace, Lino Oviedo, morreu na noite deste s\u00e1bado (3), ap\u00f3s a queda de um helic\u00f3ptero no pa\u00eds. General reformado que viveu no Brasil durante ex\u00edlio, Oviedo tinha 69 anos e embarcou na aeronave para voltar \u00e0 cidade de Assun\u00e7\u00e3o, ap\u00f3s participar de um com\u00edcio em Concepci\u00f3n. Membros do Servi\u00e7o de Busca e Resgate, compostos por homens da For\u00e7a A\u00e9rea e do Corpo de Bombeiros Volunt\u00e1rios, localizaram o helic\u00f3ptero acidentado na cidade de Presidente Hayes, com os corpos carbonizados do candidato, de seu guarda-costas, Denis Galeano, e do piloto. O atual presidente do pa\u00eds, Francisco Franco, enviou condol\u00eancias \u00e0 fam\u00edlia de Oviedo. As elei\u00e7\u00f5es presidenciais no Paraguai acontecem no dia 21 de abril.<\/p>\n","protected":false},"excerpt":{"rendered":"<p>&nbsp; O candidato \u00e0 presid\u00eancia do Paraguai pelo partido Unace, Lino Oviedo, morreu na noite deste s\u00e1bado (3), ap\u00f3s a queda de um helic\u00f3ptero no pa\u00eds. General reformado que viveu no Brasil durante ex\u00edlio, Oviedo tinha 69 anos e embarcou na aeronave para voltar \u00e0 cidade de Assun\u00e7\u00e3o, ap\u00f3s participar de um com\u00edcio em Concepci\u00f3n. [&hellip;]<\/p>\n","protected":false},"author":2,"featured_media":0,"comment_status":"open","ping_status":"open","sticky":false,"template":"","format":"standard","meta":{"footnotes":"","_links_to":"","_links_to_target":""},"categories":[1],"tags":[],"class_list":["post-24007","post","type-post","status-publish","format-standard","hentry","category-geral"],"views":1221,"_links":{"self":[{"href":"https:\/\/www.sudoestehoje.com.br\/novoportal\/wp-json\/wp\/v2\/posts\/24007","targetHints":{"allow":["GET"]}}],"collection":[{"href":"https:\/\/www.sudoestehoje.com.br\/novoportal\/wp-json\/wp\/v2\/posts"}],"about":[{"href":"https:\/\/www.sudoestehoje.com.br\/novoportal\/wp-json\/wp\/v2\/types\/post"}],"author":[{"embeddable":true,"href":"https:\/\/www.sudoestehoje.com.br\/novoportal\/wp-json\/wp\/v2\/users\/2"}],"replies":[{"embeddable":true,"href":"https:\/\/www.sudoestehoje.com.br\/novoportal\/wp-json\/wp\/v2\/comments?post=24007"}],"version-history":[{"count":5,"href":"https:\/\/www.sudoestehoje.com.br\/novoportal\/wp-json\/wp\/v2\/posts\/24007\/revisions"}],"predecessor-version":[{"id":24022,"href":"https:\/\/www.sudoestehoje.com.br\/novoportal\/wp-json\/wp\/v2\/posts\/24007\/revisions\/24022"}],"wp:attachment":[{"href":"https:\/\/www.sudoestehoje.com.br\/novoportal\/wp-json\/wp\/v2\/media?parent=24007"}],"wp:term":[{"taxonomy":"category","embeddable":true,"href":"https:\/\/www.sudoestehoje.com.br\/novoportal\/wp-json\/wp\/v2\/categories?post=24007"},{"taxonomy":"post_tag","embeddable":true,"href":"https:\/\/www.sudoestehoje.com.br\/novoportal\/wp-json\/wp\/v2\/tags?post=24007"}],"curies":[{"name":"wp","href":"https:\/\/api.w.org\/{rel}","templated":true}]}}