
{"id":240,"date":"2010-08-29T00:12:10","date_gmt":"2010-08-29T03:12:10","guid":{"rendered":"http:\/\/sudoestehoje.tempsite.ws\/novoportal\/?p=240"},"modified":"2010-09-18T13:57:00","modified_gmt":"2010-09-18T16:57:00","slug":"perfil-do-candidato-herzem-gusmao","status":"publish","type":"post","link":"https:\/\/www.sudoestehoje.com.br\/novoportal\/2010\/08\/29\/perfil-do-candidato-herzem-gusmao\/","title":{"rendered":"PERFIL DO CANDIDATO: HERZEM GUSM\u00c3O"},"content":{"rendered":"<p style=\"text-align: center;\"><span style=\"font-family: Calibri; font-size: small;\"><\/p>\n<div><img decoding=\"async\" class=\"aligncenter\" src=\"http:\/\/3.bp.blogspot.com\/_dp_FTZZBIyA\/SOYxhAxGm-I\/AAAAAAAABDM\/RWLzjemYNKg\/s400\/herzemgusmao.jpg\" border=\"0\" alt=\"\" \/><\/div>\n<p><\/span><\/p>\n<p style=\"text-align: center;\">HERZEM GUSM\u00c3O (PMDB) \u00c9 CANDIDATO A DEPUTADO FEDERAL<\/p>\n<p>Conquistense  da gema, Herzem Gusm\u00e3o Pereira, nasceu na Rua do Gancho, no Centro de  Vit\u00f3ria da Conquista, no dia 02 de junho de 1948. Primeiro filho do  casal Zilda e Onildo, j\u00e1 falecido, Herzem veio ao mundo pelas m\u00e3os do  saudoso m\u00e9dico Cresc\u00eancio Silveira.<\/p>\n<p>Desde  menino, na Rua da Granja, onde cresceu, se interessava pelas coisas do  r\u00e1dio. Na adolesc\u00eancia, imitava locutores de futebol das r\u00e1dios do sul,  as mais ouvidas da cidade. A voz grave e vibrante, que mais tarde se  tornaria refer\u00eancia em Vit\u00f3ria da Conquista, apenas come\u00e7ava a seguir  seu destino. Mas, antes de se tornar o maior comunicador do sudoeste da  Bahia, Herzem foi promotor de vendas de empresas de porte, como a Mesbla  e a Codisman, al\u00e9m de gerente da Casa Forte Ag\u00eancia de Poupan\u00e7a e do  Banco Econ\u00f4mico.<\/p>\n<p>Em  1968, aos 20 anos, fez um teste para a R\u00e1dio Regional, hoje R\u00e1dio  Cidade. Aprovado, come\u00e7ava uma trajet\u00f3ria que, 10 anos depois, em 1978,  culminaria, j\u00e1 na R\u00e1dio Clube, com o lan\u00e7amento da Resenha Geral. Em  pouco tempo, a Resenha se tornaria o mais importante programa de r\u00e1dio  de Vit\u00f3ria da Conquista.<\/p>\n<p>Jornalista,  Herzem Gusm\u00e3o tamb\u00e9m \u00e9 formado em Direito pela FADITO e P\u00f3s-Graduado em  Comunica\u00e7\u00e3o Social pela Uesb. \u00c9 casado com a professora Luci Freire  Gusm\u00e3o e tem tr\u00eas filhos: Thaisy, Danilo e Herica.<\/p>\n<p><span style=\"text-decoration: underline;\">COMENT\u00c1RIO DO SITE<\/span><\/p>\n<p>Nas  elei\u00e7\u00f5es de 2006, Herzem foi candidato a prefeito de Vit\u00f3ria da  Conquista, pelo PSDB,\u00a0obtendo a expressiva vota\u00e7\u00e3o superior a 43 mil  votos.\u00a0Em Itapetinga, conta com o apoio do PT do B, da ex-secret\u00e1ria de  a\u00e7\u00e3o social do munic\u00edpio, Norizilda Flores e de boa parte do grupo da  deputada estadual Virg\u00edna Hagge.\u00a0Herzem  Gusm\u00e3o tem um nome forte na regi\u00e3o e pode se aproveitar do v\u00e1cuo  deixado por L\u00facio Vieira Lima, que n\u00e3o caiu nas gra\u00e7as dos peemedebistas  locais.<\/p>\n<p><span style=\"text-decoration: underline;\">PALPITE DO BLOGUEIRO<\/span><\/p>\n<p>Como  o campo est\u00e1 aberto para deputado federal, Herzem pode sair de  Itapetinga com uma vota\u00e7\u00e3o em torno de 1.500 votos, se intensificar a  campanha.<\/p>\n","protected":false},"excerpt":{"rendered":"<p>HERZEM GUSM\u00c3O (PMDB) \u00c9 CANDIDATO A DEPUTADO FEDERAL Conquistense da gema, Herzem Gusm\u00e3o Pereira, nasceu na Rua do Gancho, no Centro de Vit\u00f3ria da Conquista, no dia 02 de junho de 1948. Primeiro filho do casal Zilda e Onildo, j\u00e1 falecido, Herzem veio ao mundo pelas m\u00e3os do saudoso m\u00e9dico Cresc\u00eancio Silveira. Desde menino, na [&hellip;]<\/p>\n","protected":false},"author":1,"featured_media":0,"comment_status":"open","ping_status":"open","sticky":false,"template":"","format":"standard","meta":{"footnotes":"","_links_to":"","_links_to_target":""},"categories":[4],"tags":[],"class_list":["post-240","post","type-post","status-publish","format-standard","hentry","category-politica"],"views":2776,"_links":{"self":[{"href":"https:\/\/www.sudoestehoje.com.br\/novoportal\/wp-json\/wp\/v2\/posts\/240","targetHints":{"allow":["GET"]}}],"collection":[{"href":"https:\/\/www.sudoestehoje.com.br\/novoportal\/wp-json\/wp\/v2\/posts"}],"about":[{"href":"https:\/\/www.sudoestehoje.com.br\/novoportal\/wp-json\/wp\/v2\/types\/post"}],"author":[{"embeddable":true,"href":"https:\/\/www.sudoestehoje.com.br\/novoportal\/wp-json\/wp\/v2\/users\/1"}],"replies":[{"embeddable":true,"href":"https:\/\/www.sudoestehoje.com.br\/novoportal\/wp-json\/wp\/v2\/comments?post=240"}],"version-history":[{"count":1,"href":"https:\/\/www.sudoestehoje.com.br\/novoportal\/wp-json\/wp\/v2\/posts\/240\/revisions"}],"predecessor-version":[{"id":241,"href":"https:\/\/www.sudoestehoje.com.br\/novoportal\/wp-json\/wp\/v2\/posts\/240\/revisions\/241"}],"wp:attachment":[{"href":"https:\/\/www.sudoestehoje.com.br\/novoportal\/wp-json\/wp\/v2\/media?parent=240"}],"wp:term":[{"taxonomy":"category","embeddable":true,"href":"https:\/\/www.sudoestehoje.com.br\/novoportal\/wp-json\/wp\/v2\/categories?post=240"},{"taxonomy":"post_tag","embeddable":true,"href":"https:\/\/www.sudoestehoje.com.br\/novoportal\/wp-json\/wp\/v2\/tags?post=240"}],"curies":[{"name":"wp","href":"https:\/\/api.w.org\/{rel}","templated":true}]}}