
{"id":23980,"date":"2013-02-03T00:36:21","date_gmt":"2013-02-03T03:36:21","guid":{"rendered":"http:\/\/www.sudoestehoje.com.br\/novoportal\/?p=23980"},"modified":"2013-02-03T00:36:21","modified_gmt":"2013-02-03T03:36:21","slug":"fabricio-falcao-assume-lideranca-do-pcdob-na-assembleia","status":"publish","type":"post","link":"https:\/\/www.sudoestehoje.com.br\/novoportal\/2013\/02\/03\/fabricio-falcao-assume-lideranca-do-pcdob-na-assembleia\/","title":{"rendered":"FABR\u00cdCIO FALC\u00c3O ASSUME LIDERAN\u00c7A DO PCdoB NA ASSEMBLEIA"},"content":{"rendered":"<p><img decoding=\"async\" class=\"aligncenter\" src=\"http:\/\/sphotos-b.ak.fbcdn.net\/hphotos-ak-ash3\/540117_409675185792766_873136308_n.jpg\" alt=\"\" width=\"400\" \/><\/p>\n<p>&nbsp;<\/p>\n<p>Nesta sexta-feira (1\u00ba), foi realizada a elei\u00e7\u00e3o da nova Mesa Diretora da Casa para o bi\u00eanio 2013-2014. O Deputado Estadual Jean Fabr\u00edcio Falc\u00e3o assumiu a lideran\u00e7a do Partido Comunista do Brasil (PCdoB) na Assembl\u00e9ia Legislativa e ir\u00e1 compor a terceira secretaria na chapa encabe\u00e7ada pelo deputado Marcelo Nilo (PDT). Com a substitui\u00e7\u00e3o, o deputado \u00c1lvaro Gomes, assume a presid\u00eancia da Comiss\u00e3o de Educa\u00e7\u00e3o da Casa.<\/p>\n<p>Em 2013, Fabr\u00edcio ter\u00e1 muitos desafios, dentre eles, aproximar, ainda mais, a Assembl\u00e9ia Legislativa da popula\u00e7\u00e3o baiana e garantir que a Casa Legislativa destrave os projetos de iniciativa dos pr\u00f3prios deputados. Em seu primeiro mandato, o Deputado \u00e9 considerado um dos mais articulados da atual legislatura. Na Assembl\u00e9ia Legislativa ele j\u00e1 ocupou um cargo estrat\u00e9gico, como o de vice-l\u00edder do governo Jaques Wagner.<\/p>\n<p>Para o presidente da Assembl\u00e9ia Legislativa, , Marcelo Nilo, o deputado Fabr\u00edcio \u00e9 uma grata surpresa entre os novos deputados baianos. \u201cO deputado Fabr\u00edcio \u00e9 muito respeitado entre os deputados, representa nesta casa os interesses da regi\u00e3o sudoeste da Bahia, em especial de Vit\u00f3ria da Conquista e \u00e9 um interlocutor privilegiado dos interesses da agricultura familiar nesta casa\u201d argumentou.<\/p>\n","protected":false},"excerpt":{"rendered":"<p>&nbsp; Nesta sexta-feira (1\u00ba), foi realizada a elei\u00e7\u00e3o da nova Mesa Diretora da Casa para o bi\u00eanio 2013-2014. O Deputado Estadual Jean Fabr\u00edcio Falc\u00e3o assumiu a lideran\u00e7a do Partido Comunista do Brasil (PCdoB) na Assembl\u00e9ia Legislativa e ir\u00e1 compor a terceira secretaria na chapa encabe\u00e7ada pelo deputado Marcelo Nilo (PDT). Com a substitui\u00e7\u00e3o, o deputado [&hellip;]<\/p>\n","protected":false},"author":2,"featured_media":0,"comment_status":"open","ping_status":"open","sticky":false,"template":"","format":"standard","meta":{"footnotes":"","_links_to":"","_links_to_target":""},"categories":[1],"tags":[],"class_list":["post-23980","post","type-post","status-publish","format-standard","hentry","category-geral"],"views":1283,"_links":{"self":[{"href":"https:\/\/www.sudoestehoje.com.br\/novoportal\/wp-json\/wp\/v2\/posts\/23980","targetHints":{"allow":["GET"]}}],"collection":[{"href":"https:\/\/www.sudoestehoje.com.br\/novoportal\/wp-json\/wp\/v2\/posts"}],"about":[{"href":"https:\/\/www.sudoestehoje.com.br\/novoportal\/wp-json\/wp\/v2\/types\/post"}],"author":[{"embeddable":true,"href":"https:\/\/www.sudoestehoje.com.br\/novoportal\/wp-json\/wp\/v2\/users\/2"}],"replies":[{"embeddable":true,"href":"https:\/\/www.sudoestehoje.com.br\/novoportal\/wp-json\/wp\/v2\/comments?post=23980"}],"version-history":[{"count":5,"href":"https:\/\/www.sudoestehoje.com.br\/novoportal\/wp-json\/wp\/v2\/posts\/23980\/revisions"}],"predecessor-version":[{"id":23985,"href":"https:\/\/www.sudoestehoje.com.br\/novoportal\/wp-json\/wp\/v2\/posts\/23980\/revisions\/23985"}],"wp:attachment":[{"href":"https:\/\/www.sudoestehoje.com.br\/novoportal\/wp-json\/wp\/v2\/media?parent=23980"}],"wp:term":[{"taxonomy":"category","embeddable":true,"href":"https:\/\/www.sudoestehoje.com.br\/novoportal\/wp-json\/wp\/v2\/categories?post=23980"},{"taxonomy":"post_tag","embeddable":true,"href":"https:\/\/www.sudoestehoje.com.br\/novoportal\/wp-json\/wp\/v2\/tags?post=23980"}],"curies":[{"name":"wp","href":"https:\/\/api.w.org\/{rel}","templated":true}]}}