
{"id":23927,"date":"2013-02-01T21:14:14","date_gmt":"2013-02-02T00:14:14","guid":{"rendered":"http:\/\/www.sudoestehoje.com.br\/novoportal\/?p=23927"},"modified":"2013-02-01T21:14:14","modified_gmt":"2013-02-02T00:14:14","slug":"com-apoio-do-governo-renan-calheiros-e-eleito-presidente-do-senado","status":"publish","type":"post","link":"https:\/\/www.sudoestehoje.com.br\/novoportal\/2013\/02\/01\/com-apoio-do-governo-renan-calheiros-e-eleito-presidente-do-senado\/","title":{"rendered":"COM APOIO DO GOVERNO, RENAN CALHEIROS \u00c9 ELEITO PRESIDENTE DO SENADO"},"content":{"rendered":"<p style=\"text-align: center;\"><img decoding=\"async\" class=\"aligncenter\" src=\"http:\/\/www.guiarioclaro.com.br\/guia\/imagens\/conteudo\/materias\/imagens_wide\/editorias\/thumbs3\/renan_calheiros_w.jpg\" alt=\"\" width=\"400\" \/><\/p>\n<p>&nbsp;<\/p>\n<p>Ap\u00f3s pol\u00eamicas e protestos contra sua candidatura, Renan Calheiros foi eleito o novo presidente do Senado brasileiro, nesta sexta-feira (1\u00ba). Com 56 votos a seu favor, o senador do PMDB derrotou Pedro Taques (PDT-MT), op\u00e7\u00e3o escolhida por 18 integrantes da Casa. Foram registrados ainda dois votos brancos e dois nulos, al\u00e9m de tr\u00eas absten\u00e7\u00f5es.<\/p>\n<p>Em seu primeiro discurso no cargo, Renan dedicou a vit\u00f3ria ao atual presidente, Jos\u00e9 Sarney (PMDB-AP), quem definiu como um pol\u00edtico \u201cinovador\u201d. \u201cFa\u00e7o uma defer\u00eancia especial ao presidente Jos\u00e9 Sarney, cuja hist\u00f3ria pol\u00edtica \u00e9 \u00fanica. Foi ele quem nos conduziu da escurid\u00e3o da ditadura para a luminosidade democr\u00e1tica\u201d, disse.<\/p>\n<p>Ao final, o alagoano prometeu, como se estivesse em palanque: &#8220;Vamos implantar uma overdose de transpar\u00eancia no Senado&#8221;. Renan Calheiros assumir\u00e1 a lideran\u00e7a do Senado pela segunda vez. Em 2007, ele renunciou ap\u00f3s v\u00e1rias den\u00fancias relacionadas a crimes de corrup\u00e7\u00e3o. BN<\/p>\n","protected":false},"excerpt":{"rendered":"<p>&nbsp; Ap\u00f3s pol\u00eamicas e protestos contra sua candidatura, Renan Calheiros foi eleito o novo presidente do Senado brasileiro, nesta sexta-feira (1\u00ba). Com 56 votos a seu favor, o senador do PMDB derrotou Pedro Taques (PDT-MT), op\u00e7\u00e3o escolhida por 18 integrantes da Casa. Foram registrados ainda dois votos brancos e dois nulos, al\u00e9m de tr\u00eas absten\u00e7\u00f5es. [&hellip;]<\/p>\n","protected":false},"author":2,"featured_media":0,"comment_status":"open","ping_status":"open","sticky":false,"template":"","format":"standard","meta":{"footnotes":"","_links_to":"","_links_to_target":""},"categories":[1],"tags":[],"class_list":["post-23927","post","type-post","status-publish","format-standard","hentry","category-geral"],"views":2017,"_links":{"self":[{"href":"https:\/\/www.sudoestehoje.com.br\/novoportal\/wp-json\/wp\/v2\/posts\/23927","targetHints":{"allow":["GET"]}}],"collection":[{"href":"https:\/\/www.sudoestehoje.com.br\/novoportal\/wp-json\/wp\/v2\/posts"}],"about":[{"href":"https:\/\/www.sudoestehoje.com.br\/novoportal\/wp-json\/wp\/v2\/types\/post"}],"author":[{"embeddable":true,"href":"https:\/\/www.sudoestehoje.com.br\/novoportal\/wp-json\/wp\/v2\/users\/2"}],"replies":[{"embeddable":true,"href":"https:\/\/www.sudoestehoje.com.br\/novoportal\/wp-json\/wp\/v2\/comments?post=23927"}],"version-history":[{"count":2,"href":"https:\/\/www.sudoestehoje.com.br\/novoportal\/wp-json\/wp\/v2\/posts\/23927\/revisions"}],"predecessor-version":[{"id":23929,"href":"https:\/\/www.sudoestehoje.com.br\/novoportal\/wp-json\/wp\/v2\/posts\/23927\/revisions\/23929"}],"wp:attachment":[{"href":"https:\/\/www.sudoestehoje.com.br\/novoportal\/wp-json\/wp\/v2\/media?parent=23927"}],"wp:term":[{"taxonomy":"category","embeddable":true,"href":"https:\/\/www.sudoestehoje.com.br\/novoportal\/wp-json\/wp\/v2\/categories?post=23927"},{"taxonomy":"post_tag","embeddable":true,"href":"https:\/\/www.sudoestehoje.com.br\/novoportal\/wp-json\/wp\/v2\/tags?post=23927"}],"curies":[{"name":"wp","href":"https:\/\/api.w.org\/{rel}","templated":true}]}}