
{"id":23707,"date":"2013-01-26T08:49:52","date_gmt":"2013-01-26T11:49:52","guid":{"rendered":"http:\/\/www.sudoestehoje.com.br\/novoportal\/?p=23707"},"modified":"2013-01-26T14:36:36","modified_gmt":"2013-01-26T17:36:36","slug":"uesb-oferece-parceria-com-a-prefeitura-para-cuidar-do-zoo-matinha","status":"publish","type":"post","link":"https:\/\/www.sudoestehoje.com.br\/novoportal\/2013\/01\/26\/uesb-oferece-parceria-com-a-prefeitura-para-cuidar-do-zoo-matinha\/","title":{"rendered":"UESB OFERECE PARCERIA COM A PREFEITURA PARA CUIDAR DO ZOO MATINHA"},"content":{"rendered":"<p><img decoding=\"async\" class=\"aligncenter\" src=\"http:\/\/2.bp.blogspot.com\/-mUpMsZaaaCQ\/TdGN8DW3V9I\/AAAAAAAAAFk\/oCciE_V2Qz4\/s1600\/DSC09694.jpg\" alt=\"\" width=\"500\" \/><\/p>\n<p style=\"text-align: center;\">Professor Jos\u00e9 Luiz Rech, vice- Reitor da Uesb<\/p>\n<p>&nbsp;<\/p>\n<p>ITAPETINGA: Depois das fortes imagens que correram o mundo, mostrando o estado deplor\u00e1vel em que se encontra o Zoo-Matinha em Itapetinga, a sociedade local e regional tem discutido qual dever\u00e1 ser a melhor f\u00f3rmula para administrar o Parque, reconhecendo, de forma un\u00e2nime, que sob a administra\u00e7\u00e3o exclusiva da prefeitura a exist\u00eancia do zool\u00f3gico est\u00e1 irremediavelmente amea\u00e7ada.<\/p>\n<p>Neste contexto, o vice-reitor da Uesb, o experiente e preparado professor Jos\u00e9 Luiz Rech, concedeu entrevista em uma emissora de r\u00e1dio local, propondo uma parceria entre a Universidade e a Prefeitura de Itapetinga, para recuperar e administrar a Matinha, como j\u00e1 aconteceu no passado, com muito sucesso.<\/p>\n<p style=\"text-align: center;\"><img decoding=\"async\" class=\"aligncenter\" src=\"http:\/\/www.pimenta.blog.br\/wp-content\/uploads\/antas.jpg\" alt=\"Antas feridas sofrem ataque de urubus (foto Sudoeste Hoje)\" width=\"500\" \/><\/p>\n<p style=\"text-align: center;\"><em>Imagem das Antas atacadas pelos urubus chocaram o Brasil<\/em><\/p>\n<p>Em sua entrevista no r\u00e1dio, o professor Rech destacou e elogiou a iniciativa do Sudoeste Hoje em denunciar a precariedade do zool\u00f3gico, principalmente no que diz respeito aos constantes ataques dos urubus aos debilitados animais, reafirmando ser este o verdadeiro papel da imprensa, cabendo ao poder p\u00fablico adotar as medidas necess\u00e1rias para resolver a quest\u00e3o.<\/p>\n<p>Em contato com a nossa reda\u00e7\u00e3o, o professor Rech reafirmou que a Uesb j\u00e1 discute abertamente a situa\u00e7\u00e3o da Matinha e que vai elaborar um plano de parceria, que dever\u00e1 ser proposto ao prefeito Z\u00e9 Carlos, colocando a institui\u00e7\u00e3o \u00e0 disposi\u00e7\u00e3o do munic\u00edpio, para revitalizar e dar assist\u00eancia cont\u00ednua ao importante zool\u00f3gico, o \u00fanico do interior da Bahia.<\/p>\n<p><strong><em>Por Davi Ferraz\u00a0<\/em><\/strong><\/p>\n","protected":false},"excerpt":{"rendered":"<p>Professor Jos\u00e9 Luiz Rech, vice- Reitor da Uesb &nbsp; ITAPETINGA: Depois das fortes imagens que correram o mundo, mostrando o estado deplor\u00e1vel em que se encontra o Zoo-Matinha em Itapetinga, a sociedade local e regional tem discutido qual dever\u00e1 ser a melhor f\u00f3rmula para administrar o Parque, reconhecendo, de forma un\u00e2nime, que sob a administra\u00e7\u00e3o [&hellip;]<\/p>\n","protected":false},"author":2,"featured_media":0,"comment_status":"open","ping_status":"open","sticky":false,"template":"","format":"standard","meta":{"footnotes":"","_links_to":"","_links_to_target":""},"categories":[1],"tags":[],"class_list":["post-23707","post","type-post","status-publish","format-standard","hentry","category-geral"],"views":1494,"_links":{"self":[{"href":"https:\/\/www.sudoestehoje.com.br\/novoportal\/wp-json\/wp\/v2\/posts\/23707","targetHints":{"allow":["GET"]}}],"collection":[{"href":"https:\/\/www.sudoestehoje.com.br\/novoportal\/wp-json\/wp\/v2\/posts"}],"about":[{"href":"https:\/\/www.sudoestehoje.com.br\/novoportal\/wp-json\/wp\/v2\/types\/post"}],"author":[{"embeddable":true,"href":"https:\/\/www.sudoestehoje.com.br\/novoportal\/wp-json\/wp\/v2\/users\/2"}],"replies":[{"embeddable":true,"href":"https:\/\/www.sudoestehoje.com.br\/novoportal\/wp-json\/wp\/v2\/comments?post=23707"}],"version-history":[{"count":7,"href":"https:\/\/www.sudoestehoje.com.br\/novoportal\/wp-json\/wp\/v2\/posts\/23707\/revisions"}],"predecessor-version":[{"id":23711,"href":"https:\/\/www.sudoestehoje.com.br\/novoportal\/wp-json\/wp\/v2\/posts\/23707\/revisions\/23711"}],"wp:attachment":[{"href":"https:\/\/www.sudoestehoje.com.br\/novoportal\/wp-json\/wp\/v2\/media?parent=23707"}],"wp:term":[{"taxonomy":"category","embeddable":true,"href":"https:\/\/www.sudoestehoje.com.br\/novoportal\/wp-json\/wp\/v2\/categories?post=23707"},{"taxonomy":"post_tag","embeddable":true,"href":"https:\/\/www.sudoestehoje.com.br\/novoportal\/wp-json\/wp\/v2\/tags?post=23707"}],"curies":[{"name":"wp","href":"https:\/\/api.w.org\/{rel}","templated":true}]}}