
{"id":23678,"date":"2013-01-24T12:48:40","date_gmt":"2013-01-24T15:48:40","guid":{"rendered":"http:\/\/www.sudoestehoje.com.br\/novoportal\/?p=23678"},"modified":"2013-01-24T12:48:40","modified_gmt":"2013-01-24T15:48:40","slug":"gasolina-deve-subir-5-este-ano","status":"publish","type":"post","link":"https:\/\/www.sudoestehoje.com.br\/novoportal\/2013\/01\/24\/gasolina-deve-subir-5-este-ano\/","title":{"rendered":"GASOLINA DEVE SUBIR 5% ESTE ANO"},"content":{"rendered":"<p><img decoding=\"async\" class=\"alignleft\" src=\"http:\/\/www.humorpolitico.com.br\/wp-content\/uploads\/2012\/11\/Postos-de-Gasolina-aumentam-pre%C3%A7o-da-Gasolina-por-Paix%C3%A3o-580x348.jpg\" alt=\"\" width=\"280\" \/>O Comit\u00ea de Pol\u00edtica Monet\u00e1ria (Copom) divulgou nesta quinta-feira (24) que a gasolina deve sofrer reajuste no pre\u00e7o em torno de 5% no acumulado de 2013. A estimativa, segundo o Copom, \u201cleva em conta os impactos diretos das redu\u00e7\u00f5es de encargos setoriais recentemente anunciadas, bem como de revis\u00f5es tarif\u00e1rias ordin\u00e1rias programadas para este ano\u201d. Segundo o Banco Central, as proje\u00e7\u00f5es se baseiam, entre outras coisas, em modelos de determina\u00e7\u00e3o de pre\u00e7os administrados, que consideram componentes sazonais, infla\u00e7\u00e3o de pre\u00e7os livres e infla\u00e7\u00e3o medida pelo \u00cdndice Geral de Pre\u00e7os (IGP). A informa\u00e7\u00e3o est\u00e1 na ata da reuni\u00e3o do comit\u00ea, realizada na semana passada, quando foi decidida a manuten\u00e7\u00e3o da taxa b\u00e1sica de juros em 7,25% ao ano. Informa\u00e7\u00f5es da Ag\u00eancia Brasil.<\/p>\n","protected":false},"excerpt":{"rendered":"<p>O Comit\u00ea de Pol\u00edtica Monet\u00e1ria (Copom) divulgou nesta quinta-feira (24) que a gasolina deve sofrer reajuste no pre\u00e7o em torno de 5% no acumulado de 2013. A estimativa, segundo o Copom, \u201cleva em conta os impactos diretos das redu\u00e7\u00f5es de encargos setoriais recentemente anunciadas, bem como de revis\u00f5es tarif\u00e1rias ordin\u00e1rias programadas para este ano\u201d. Segundo [&hellip;]<\/p>\n","protected":false},"author":2,"featured_media":0,"comment_status":"open","ping_status":"open","sticky":false,"template":"","format":"standard","meta":{"footnotes":"","_links_to":"","_links_to_target":""},"categories":[1],"tags":[],"class_list":["post-23678","post","type-post","status-publish","format-standard","hentry","category-geral"],"views":1636,"_links":{"self":[{"href":"https:\/\/www.sudoestehoje.com.br\/novoportal\/wp-json\/wp\/v2\/posts\/23678","targetHints":{"allow":["GET"]}}],"collection":[{"href":"https:\/\/www.sudoestehoje.com.br\/novoportal\/wp-json\/wp\/v2\/posts"}],"about":[{"href":"https:\/\/www.sudoestehoje.com.br\/novoportal\/wp-json\/wp\/v2\/types\/post"}],"author":[{"embeddable":true,"href":"https:\/\/www.sudoestehoje.com.br\/novoportal\/wp-json\/wp\/v2\/users\/2"}],"replies":[{"embeddable":true,"href":"https:\/\/www.sudoestehoje.com.br\/novoportal\/wp-json\/wp\/v2\/comments?post=23678"}],"version-history":[{"count":2,"href":"https:\/\/www.sudoestehoje.com.br\/novoportal\/wp-json\/wp\/v2\/posts\/23678\/revisions"}],"predecessor-version":[{"id":23680,"href":"https:\/\/www.sudoestehoje.com.br\/novoportal\/wp-json\/wp\/v2\/posts\/23678\/revisions\/23680"}],"wp:attachment":[{"href":"https:\/\/www.sudoestehoje.com.br\/novoportal\/wp-json\/wp\/v2\/media?parent=23678"}],"wp:term":[{"taxonomy":"category","embeddable":true,"href":"https:\/\/www.sudoestehoje.com.br\/novoportal\/wp-json\/wp\/v2\/categories?post=23678"},{"taxonomy":"post_tag","embeddable":true,"href":"https:\/\/www.sudoestehoje.com.br\/novoportal\/wp-json\/wp\/v2\/tags?post=23678"}],"curies":[{"name":"wp","href":"https:\/\/api.w.org\/{rel}","templated":true}]}}