
{"id":2360,"date":"2010-12-02T09:16:27","date_gmt":"2010-12-02T12:16:27","guid":{"rendered":"http:\/\/www.sudoestehoje.com.br\/novoportal\/?p=2360"},"modified":"2010-12-02T09:16:27","modified_gmt":"2010-12-02T12:16:27","slug":"camara-homenageia-juiza-com-mocao-de-aplauso","status":"publish","type":"post","link":"https:\/\/www.sudoestehoje.com.br\/novoportal\/2010\/12\/02\/camara-homenageia-juiza-com-mocao-de-aplauso\/","title":{"rendered":"C\u00c2MARA HOMENAGEIA JUIZA COM MO\u00c7\u00c3O DE APLAUSO"},"content":{"rendered":"<p><img decoding=\"async\" src=\"http:\/\/www.itapetinganews.com\/img.php?img=arquivos\/noticias\/capa_129078694882843.jpg&amp;x=260&amp;y=400&amp;corta=0\" alt=\"\" width=\"250\" align=\"left\" \/><\/p>\n<p>A\u00a0 Ju\u00edza\u00a0titular da 1\u00aa Vara C\u00edvel,\u00a0titular da 140\u00aa Zona Eleitoral da Comarca de Itapetinga,\u00a0 Dra. Ivana Carvalho Silva Fernandes, foi homenageada com uma Mo\u00e7\u00e3o de Aplauso de autoria do vereador Fabiano Bahia (DEM) , aprovada pela C\u00e2mara Municipal, na sess\u00e3o do dia 24 de novembro.<\/p>\n<p>Segundo o vereador Fabiano Bahia, autor da Mo\u00e7\u00e3o, a homenagem\u00a0\u00e0 magistrada\u00a0Dra. Ivana Carvalho deve-se aos relevantes servi\u00e7os prestados \u00e0 comunidade. \u201c&#8230;<em>quero destacar o trabalho desempenhado pela Exma. Sra. Dra. Ivana Carvalho Silva Fernandes que, no \u00e2mbito de sua compet\u00eancia, n\u00e3o tem medido esfor\u00e7os para atender bem a todos aqueles que buscam a tutela jurisdicional para resolver lit\u00edgios, conseguindo \u00eaxito na resolu\u00e7\u00e3o da grande maioria deles<\/em>\u201d, diz o vereador, no texto da Mo\u00e7\u00e3o.<\/p>\n<p>A\u00a0Dra. Ivana Carvalho veio para Itapetinga,\u00a0promovida da Comarca de Coarac\u00ed, h\u00e1 cerca de um ano,\u00a0para assumir\u00a0a 1\u00aa Vara C\u00edvel, assumindo tamb\u00e9m a Diretoria do F\u00f3rum desta Cidade, bem como a 140\u00aa Zona Eleitora desta Comarca. Recentemente, a Nobre Magistrada foi promovida \u00e0 Ju\u00edza Titular da Vara dos Juizados Especiais C\u00edveis desta Comarca, cuja posse ocorrer\u00e1 no pr\u00f3ximo dia 06.12.2010, em cuja oportunidade deixar\u00e1 para tr\u00e1s um excelente trabalho realizado na 1\u00aa Vara C\u00edvel desta Comarca, em especial, no \u00e2mbito da Fazenda P\u00fablica, dando prosseguimento a mais de 15000 (quinze mil) processos.\u00a0 Com informa\u00e7\u00f5es do 3 Midas.<\/p>\n<p>Da Reda\u00e7\u00e3o<\/p>\n","protected":false},"excerpt":{"rendered":"<p>A\u00a0 Ju\u00edza\u00a0titular da 1\u00aa Vara C\u00edvel,\u00a0titular da 140\u00aa Zona Eleitoral da Comarca de Itapetinga,\u00a0 Dra. Ivana Carvalho Silva Fernandes, foi homenageada com uma Mo\u00e7\u00e3o de Aplauso de autoria do vereador Fabiano Bahia (DEM) , aprovada pela C\u00e2mara Municipal, na sess\u00e3o do dia 24 de novembro. Segundo o vereador Fabiano Bahia, autor da Mo\u00e7\u00e3o, a homenagem\u00a0\u00e0 [&hellip;]<\/p>\n","protected":false},"author":2,"featured_media":0,"comment_status":"open","ping_status":"open","sticky":false,"template":"","format":"standard","meta":{"footnotes":"","_links_to":"","_links_to_target":""},"categories":[1],"tags":[],"class_list":["post-2360","post","type-post","status-publish","format-standard","hentry","category-geral"],"views":2149,"_links":{"self":[{"href":"https:\/\/www.sudoestehoje.com.br\/novoportal\/wp-json\/wp\/v2\/posts\/2360","targetHints":{"allow":["GET"]}}],"collection":[{"href":"https:\/\/www.sudoestehoje.com.br\/novoportal\/wp-json\/wp\/v2\/posts"}],"about":[{"href":"https:\/\/www.sudoestehoje.com.br\/novoportal\/wp-json\/wp\/v2\/types\/post"}],"author":[{"embeddable":true,"href":"https:\/\/www.sudoestehoje.com.br\/novoportal\/wp-json\/wp\/v2\/users\/2"}],"replies":[{"embeddable":true,"href":"https:\/\/www.sudoestehoje.com.br\/novoportal\/wp-json\/wp\/v2\/comments?post=2360"}],"version-history":[{"count":6,"href":"https:\/\/www.sudoestehoje.com.br\/novoportal\/wp-json\/wp\/v2\/posts\/2360\/revisions"}],"predecessor-version":[{"id":2366,"href":"https:\/\/www.sudoestehoje.com.br\/novoportal\/wp-json\/wp\/v2\/posts\/2360\/revisions\/2366"}],"wp:attachment":[{"href":"https:\/\/www.sudoestehoje.com.br\/novoportal\/wp-json\/wp\/v2\/media?parent=2360"}],"wp:term":[{"taxonomy":"category","embeddable":true,"href":"https:\/\/www.sudoestehoje.com.br\/novoportal\/wp-json\/wp\/v2\/categories?post=2360"},{"taxonomy":"post_tag","embeddable":true,"href":"https:\/\/www.sudoestehoje.com.br\/novoportal\/wp-json\/wp\/v2\/tags?post=2360"}],"curies":[{"name":"wp","href":"https:\/\/api.w.org\/{rel}","templated":true}]}}