
{"id":236,"date":"2010-08-29T08:54:48","date_gmt":"2010-08-29T11:54:48","guid":{"rendered":"http:\/\/sudoestehoje.tempsite.ws\/novoportal\/?p=236"},"modified":"2010-09-18T13:55:14","modified_gmt":"2010-09-18T16:55:14","slug":"vox-populi-disputa-pelo-senado-embolou","status":"publish","type":"post","link":"https:\/\/www.sudoestehoje.com.br\/novoportal\/2010\/08\/29\/vox-populi-disputa-pelo-senado-embolou\/","title":{"rendered":"VOX POPULI: DISPUTA PELO SENADO &#8216;EMBOLOU&#8217;."},"content":{"rendered":"<div>\n<p style=\"text-align: center;\"><img loading=\"lazy\" decoding=\"async\" class=\"aligncenter\" src=\"http:\/\/www.bahianoticias.com.br\/fotos\/editor\/Image\/CESAR_LIDICE_PINHEIRO.jpg\" border=\"0\" alt=\"\" width=\"350\" height=\"116\" \/><\/p>\n<p>A  pesquisa de inten\u00e7\u00e3o de votos A Tarde\/Vox Populi trouxe neste domingo  (29) um cen\u00e1rio bem distinto dos mostrados anteriormente. Tr\u00eas  candidatos aparecem empatados dentro da margem de erro de tr\u00eas pontos  percentuais: o senador C\u00e9sar Borges (PR) tem 14% da prefer\u00eancia do  eleitorado, depois aparece Walter Pinheiro (PT), com13%, e em terceiro\u00a0  L\u00eddice da Mata (PSB), com 10%. Os demais candidatos tamb\u00e9m aparecem  tecnicamente empatados, s\u00f3 que na zona inferior da tabela. O ex-prefeito  de Feira de Santana, Jos\u00e9 Ronaldo (DEM) tem 4%, Edvaldo Brito (PTB) 3% e  Jos\u00e9 Carlos Aleluia (DEM) 2%. Com 1% est\u00e3o Carlos Sampaio (PCB), Fran\u00e7a  (PSOL) e Edson Duarte (PV). No entanto, os indecisos ainda s\u00e3o a  maioria em disparado. Pelo menos 39% ainda n\u00e3o decidiram em quem votar. A  Tarde<\/p>\n<\/div>\n","protected":false},"excerpt":{"rendered":"<p>A pesquisa de inten\u00e7\u00e3o de votos A Tarde\/Vox Populi trouxe neste domingo (29) um cen\u00e1rio bem distinto dos mostrados anteriormente. Tr\u00eas candidatos aparecem empatados dentro da margem de erro de tr\u00eas pontos percentuais: o senador C\u00e9sar Borges (PR) tem 14% da prefer\u00eancia do eleitorado, depois aparece Walter Pinheiro (PT), com13%, e em terceiro\u00a0 L\u00eddice da [&hellip;]<\/p>\n","protected":false},"author":1,"featured_media":0,"comment_status":"open","ping_status":"open","sticky":false,"template":"","format":"standard","meta":{"footnotes":"","_links_to":"","_links_to_target":""},"categories":[1],"tags":[],"class_list":["post-236","post","type-post","status-publish","format-standard","hentry","category-geral"],"views":1352,"_links":{"self":[{"href":"https:\/\/www.sudoestehoje.com.br\/novoportal\/wp-json\/wp\/v2\/posts\/236","targetHints":{"allow":["GET"]}}],"collection":[{"href":"https:\/\/www.sudoestehoje.com.br\/novoportal\/wp-json\/wp\/v2\/posts"}],"about":[{"href":"https:\/\/www.sudoestehoje.com.br\/novoportal\/wp-json\/wp\/v2\/types\/post"}],"author":[{"embeddable":true,"href":"https:\/\/www.sudoestehoje.com.br\/novoportal\/wp-json\/wp\/v2\/users\/1"}],"replies":[{"embeddable":true,"href":"https:\/\/www.sudoestehoje.com.br\/novoportal\/wp-json\/wp\/v2\/comments?post=236"}],"version-history":[{"count":1,"href":"https:\/\/www.sudoestehoje.com.br\/novoportal\/wp-json\/wp\/v2\/posts\/236\/revisions"}],"predecessor-version":[{"id":237,"href":"https:\/\/www.sudoestehoje.com.br\/novoportal\/wp-json\/wp\/v2\/posts\/236\/revisions\/237"}],"wp:attachment":[{"href":"https:\/\/www.sudoestehoje.com.br\/novoportal\/wp-json\/wp\/v2\/media?parent=236"}],"wp:term":[{"taxonomy":"category","embeddable":true,"href":"https:\/\/www.sudoestehoje.com.br\/novoportal\/wp-json\/wp\/v2\/categories?post=236"},{"taxonomy":"post_tag","embeddable":true,"href":"https:\/\/www.sudoestehoje.com.br\/novoportal\/wp-json\/wp\/v2\/tags?post=236"}],"curies":[{"name":"wp","href":"https:\/\/api.w.org\/{rel}","templated":true}]}}