
{"id":23502,"date":"2013-01-18T00:01:17","date_gmt":"2013-01-18T03:01:17","guid":{"rendered":"http:\/\/www.sudoestehoje.com.br\/novoportal\/?p=23502"},"modified":"2013-01-17T22:25:53","modified_gmt":"2013-01-18T01:25:53","slug":"o-concurso-de-itororo-e-os-concursados","status":"publish","type":"post","link":"https:\/\/www.sudoestehoje.com.br\/novoportal\/2013\/01\/18\/o-concurso-de-itororo-e-os-concursados\/","title":{"rendered":"O CONCURSO DE ITOROR\u00d3 E OS CONCURSADOS"},"content":{"rendered":"<p><a href=\"http:\/\/www.sudoestehoje.com.br\/novoportal\/wp-content\/uploads\/2013\/01\/CONCURSO.jpg\"><img loading=\"lazy\" decoding=\"async\" class=\"aligncenter size-medium wp-image-23504\" title=\"CONCURSO\" src=\"http:\/\/www.sudoestehoje.com.br\/novoportal\/wp-content\/uploads\/2013\/01\/CONCURSO-500x357.jpg\" alt=\"\" width=\"500\" height=\"357\" srcset=\"https:\/\/www.sudoestehoje.com.br\/novoportal\/wp-content\/uploads\/2013\/01\/CONCURSO-500x357.jpg 500w, https:\/\/www.sudoestehoje.com.br\/novoportal\/wp-content\/uploads\/2013\/01\/CONCURSO-700x500.jpg 700w, https:\/\/www.sudoestehoje.com.br\/novoportal\/wp-content\/uploads\/2013\/01\/CONCURSO.jpg 830w\" sizes=\"auto, (max-width: 500px) 100vw, 500px\" \/><\/a><\/p>\n<p>&nbsp;<\/p>\n<p><strong><em>Por Milton Marinho<\/em><\/strong><\/p>\n<p>Como prometi aos comentaristas de uma dessas mal tra\u00e7adas linhas que exponho aqui no Sudoeste Hoje ou Blog do Davi, procurei o\u00a0<strong>Governo do Bem 3<\/strong>, (O Retorno) com o aval do PT, fato. Este agora, PMDB\/DEM &#8211; Depois de algumas tentativas por telefone, ontem \u00e0 tarde o pr\u00f3prio prefeito Marco Brito, retornou e conversamos sobre o assunto. A queima-roupa, perguntei ao prefeito a pergunta de voc\u00eas: Quando \u00e9 que voc\u00ea, Marco vai chamar os concursados? Prontamente respondeu:<\/p>\n<p id=\"yui_3_7_2_1_1358463461492_4011\">&#8211;<em id=\"yui_3_7_2_1_1358463461492_4009\">Milton, estamos fazendo uma auditoria nas contas do antigo gestor, logo ap\u00f3s, o meu jur\u00eddico vai analisar o assunto, se detectarmos alguma irregularidade nele, n\u00f3s vamos tomar as medidas cab\u00edveis dentro da lei. Se acaso, tiver tudo certinho cumpriremos o que determina a lei no sentido de acomodar todas estas pessoas nos respectivos cargos para o qual fizeram as provas. S\u00f3 me pronunciarei a respeito depois da auditoria. Portanto, n\u00e3o tenho uma data certa ainda<\/em>. Disse ent\u00e3o o prefeito.<em>\u00a0<\/em>Aguardemos, pois.<!--more--><\/p>\n<p id=\"yui_3_7_2_1_1358463461492_4007\">Desta forma meu amigo, F\u00e9, Mariza e tantos outros que Fizeram suas inscri\u00e7\u00f5es para concorrerem as 318 vagas para cargos de n\u00edvel fundamental, m\u00e9dio\/t\u00e9cnico e superior, v\u00f3s que perderam suas noites de sono queimando as pestanas estudando para obterem um cargo no servi\u00e7o p\u00fablico, restam a todos voc\u00eas, n\u00e3o perderem a f\u00e9 e a esperan\u00e7a num governo que est\u00e1 apenas come\u00e7ando, cujo perfil ainda n\u00e3o foi desenhado, a n\u00e3o ser que olhemos para um passado n\u00e3o muito distante governado pelos mesmos atores \u00e0 quase 20 anos. N\u00e3o vale para a sociedade de Itoror\u00f3 os modelos,\u00a0<strong>1<\/strong>\u00a0e\u00a0<strong>2<\/strong>. Dirigidos pelo pr\u00f3prio Marco, nem os seus antecessores, agora, juntos e misturados. Seria a mais que perfeita materializa\u00e7\u00e3o do retrocesso. Se por acaso tiver tudo certo e o prefeito n\u00e3o mostrar vontade em convocar os concursados, vamos lev\u00e1-los a justi\u00e7a.<\/p>\n<p><strong><em><br \/>\n<\/em><\/strong><\/p>\n","protected":false},"excerpt":{"rendered":"<p>&nbsp; Por Milton Marinho Como prometi aos comentaristas de uma dessas mal tra\u00e7adas linhas que exponho aqui no Sudoeste Hoje ou Blog do Davi, procurei o\u00a0Governo do Bem 3, (O Retorno) com o aval do PT, fato. Este agora, PMDB\/DEM &#8211; Depois de algumas tentativas por telefone, ontem \u00e0 tarde o pr\u00f3prio prefeito Marco Brito, [&hellip;]<\/p>\n","protected":false},"author":2,"featured_media":0,"comment_status":"open","ping_status":"open","sticky":false,"template":"","format":"standard","meta":{"footnotes":"","_links_to":"","_links_to_target":""},"categories":[1],"tags":[],"class_list":["post-23502","post","type-post","status-publish","format-standard","hentry","category-geral"],"views":1248,"_links":{"self":[{"href":"https:\/\/www.sudoestehoje.com.br\/novoportal\/wp-json\/wp\/v2\/posts\/23502","targetHints":{"allow":["GET"]}}],"collection":[{"href":"https:\/\/www.sudoestehoje.com.br\/novoportal\/wp-json\/wp\/v2\/posts"}],"about":[{"href":"https:\/\/www.sudoestehoje.com.br\/novoportal\/wp-json\/wp\/v2\/types\/post"}],"author":[{"embeddable":true,"href":"https:\/\/www.sudoestehoje.com.br\/novoportal\/wp-json\/wp\/v2\/users\/2"}],"replies":[{"embeddable":true,"href":"https:\/\/www.sudoestehoje.com.br\/novoportal\/wp-json\/wp\/v2\/comments?post=23502"}],"version-history":[{"count":4,"href":"https:\/\/www.sudoestehoje.com.br\/novoportal\/wp-json\/wp\/v2\/posts\/23502\/revisions"}],"predecessor-version":[{"id":23507,"href":"https:\/\/www.sudoestehoje.com.br\/novoportal\/wp-json\/wp\/v2\/posts\/23502\/revisions\/23507"}],"wp:attachment":[{"href":"https:\/\/www.sudoestehoje.com.br\/novoportal\/wp-json\/wp\/v2\/media?parent=23502"}],"wp:term":[{"taxonomy":"category","embeddable":true,"href":"https:\/\/www.sudoestehoje.com.br\/novoportal\/wp-json\/wp\/v2\/categories?post=23502"},{"taxonomy":"post_tag","embeddable":true,"href":"https:\/\/www.sudoestehoje.com.br\/novoportal\/wp-json\/wp\/v2\/tags?post=23502"}],"curies":[{"name":"wp","href":"https:\/\/api.w.org\/{rel}","templated":true}]}}