
{"id":23490,"date":"2013-01-17T16:45:19","date_gmt":"2013-01-17T19:45:19","guid":{"rendered":"http:\/\/www.sudoestehoje.com.br\/novoportal\/?p=23490"},"modified":"2013-01-17T16:51:00","modified_gmt":"2013-01-17T19:51:00","slug":"promotora-genisia-oliveira-sofre-grave-acidente-na-ba-263","status":"publish","type":"post","link":"https:\/\/www.sudoestehoje.com.br\/novoportal\/2013\/01\/17\/promotora-genisia-oliveira-sofre-grave-acidente-na-ba-263\/","title":{"rendered":"PROMOTORA GENISIA OLIVEIRA SOFRE GRAVE ACIDENTE NA BA &#8211; 263"},"content":{"rendered":"<p style=\"text-align: center;\"><img decoding=\"async\" class=\"aligncenter\" src=\"http:\/\/2.bp.blogspot.com\/-JJBFfsWAXAs\/UPhRce4ZRYI\/AAAAAAAAT0g\/ozDXqZop6eM\/s1600\/promotora-horz-1024x402.jpg\" alt=\"\" width=\"500\" \/><em>Dra. Genisia Oliveira \u00e9 promotora de justi\u00e7a em Itapetinga <\/em><\/p>\n<p>&nbsp;<\/p>\n<p>A promotora de Justi\u00e7a Gen\u00edsia Oliveira sofreu acidente grave no quil\u00f4metro 9 da BA-263, trecho Itapetinga-Itamb\u00e9, por volta das 14h30min desta quinta, 18. Gen\u00edsia perdeu o controle do Hyundai Azera, e o ve\u00edculo caiu em despenhadeiro.<\/p>\n<p>Uma equipe do Samu 192 de Itapetinga socorreu a promotora. De acordo com o site Itapetinga Agora, suspeita-se que Gen\u00edsia Oliveira tenha sofrido les\u00e3o na medula.<\/p>\n<p>Para se ter uma ideia do acidente, o carro em que a promotora estava ficou praticamente destru\u00eddo. Gen\u00edsia foi conduzida para o Hospital Samur, em Vit\u00f3ria da Conquista. Ainda n\u00e3o h\u00e1 informa\u00e7\u00f5es sobre o quadro cl\u00ednico da promotora. <em>Blog Pimenta<\/em><\/p>\n","protected":false},"excerpt":{"rendered":"<p>Dra. Genisia Oliveira \u00e9 promotora de justi\u00e7a em Itapetinga &nbsp; A promotora de Justi\u00e7a Gen\u00edsia Oliveira sofreu acidente grave no quil\u00f4metro 9 da BA-263, trecho Itapetinga-Itamb\u00e9, por volta das 14h30min desta quinta, 18. Gen\u00edsia perdeu o controle do Hyundai Azera, e o ve\u00edculo caiu em despenhadeiro. Uma equipe do Samu 192 de Itapetinga socorreu a [&hellip;]<\/p>\n","protected":false},"author":2,"featured_media":0,"comment_status":"open","ping_status":"open","sticky":false,"template":"","format":"standard","meta":{"footnotes":"","_links_to":"","_links_to_target":""},"categories":[1],"tags":[],"class_list":["post-23490","post","type-post","status-publish","format-standard","hentry","category-geral"],"views":1283,"_links":{"self":[{"href":"https:\/\/www.sudoestehoje.com.br\/novoportal\/wp-json\/wp\/v2\/posts\/23490","targetHints":{"allow":["GET"]}}],"collection":[{"href":"https:\/\/www.sudoestehoje.com.br\/novoportal\/wp-json\/wp\/v2\/posts"}],"about":[{"href":"https:\/\/www.sudoestehoje.com.br\/novoportal\/wp-json\/wp\/v2\/types\/post"}],"author":[{"embeddable":true,"href":"https:\/\/www.sudoestehoje.com.br\/novoportal\/wp-json\/wp\/v2\/users\/2"}],"replies":[{"embeddable":true,"href":"https:\/\/www.sudoestehoje.com.br\/novoportal\/wp-json\/wp\/v2\/comments?post=23490"}],"version-history":[{"count":5,"href":"https:\/\/www.sudoestehoje.com.br\/novoportal\/wp-json\/wp\/v2\/posts\/23490\/revisions"}],"predecessor-version":[{"id":23494,"href":"https:\/\/www.sudoestehoje.com.br\/novoportal\/wp-json\/wp\/v2\/posts\/23490\/revisions\/23494"}],"wp:attachment":[{"href":"https:\/\/www.sudoestehoje.com.br\/novoportal\/wp-json\/wp\/v2\/media?parent=23490"}],"wp:term":[{"taxonomy":"category","embeddable":true,"href":"https:\/\/www.sudoestehoje.com.br\/novoportal\/wp-json\/wp\/v2\/categories?post=23490"},{"taxonomy":"post_tag","embeddable":true,"href":"https:\/\/www.sudoestehoje.com.br\/novoportal\/wp-json\/wp\/v2\/tags?post=23490"}],"curies":[{"name":"wp","href":"https:\/\/api.w.org\/{rel}","templated":true}]}}