
{"id":234,"date":"2010-08-29T09:09:59","date_gmt":"2010-08-29T12:09:59","guid":{"rendered":"http:\/\/sudoestehoje.tempsite.ws\/novoportal\/?p=234"},"modified":"2010-09-18T13:54:32","modified_gmt":"2010-09-18T16:54:32","slug":"vox-populi-frente-de-wagner-sobre-paulo-souto-e-de-29","status":"publish","type":"post","link":"https:\/\/www.sudoestehoje.com.br\/novoportal\/2010\/08\/29\/vox-populi-frente-de-wagner-sobre-paulo-souto-e-de-29\/","title":{"rendered":"VOX POPULI: FRENTE DE WAGNER SOBRE PAULO SOUTO \u00c9 DE 29%"},"content":{"rendered":"<div>\n<div style=\"text-align: center;\"><img decoding=\"async\" src=\"http:\/\/www.blogdoanderson.com\/v2\/wp-content\/uploads\/2010\/05\/Reveillon_Wagner_souto_Geddel_bassuma.jpg\" border=\"0\" alt=\"\" \/><\/div>\n<p>A  primeira pesquisa A TARDE\/ Vox Populi sobre as Elei\u00e7\u00f5es 2010 mostra o  governador Jaques Wagner (PT) com 46% das inten\u00e7\u00f5es de votos. Em  seguida, est\u00e1 o ex-governador Paulo Souto (DEM), com 17%; o ex-ministro  Geddel Vieira Lima (PMDB), com 11%; e o deputado Luiz Bassuma (PV), que  tem 1%. Se a elei\u00e7\u00e3o fosse hoje, Wagner teria mais votos que a soma dos  advers\u00e1rios (29%) e venceria a disputa no primeiro turno, mesmo  considerando-se a margem de erro da pesquisa, de tr\u00eas pontos  percentuais.<\/p>\n<\/div>\n","protected":false},"excerpt":{"rendered":"<p>A primeira pesquisa A TARDE\/ Vox Populi sobre as Elei\u00e7\u00f5es 2010 mostra o governador Jaques Wagner (PT) com 46% das inten\u00e7\u00f5es de votos. Em seguida, est\u00e1 o ex-governador Paulo Souto (DEM), com 17%; o ex-ministro Geddel Vieira Lima (PMDB), com 11%; e o deputado Luiz Bassuma (PV), que tem 1%. Se a elei\u00e7\u00e3o fosse hoje, [&hellip;]<\/p>\n","protected":false},"author":1,"featured_media":0,"comment_status":"open","ping_status":"open","sticky":false,"template":"","format":"standard","meta":{"footnotes":"","_links_to":"","_links_to_target":""},"categories":[1],"tags":[],"class_list":["post-234","post","type-post","status-publish","format-standard","hentry","category-geral"],"views":1453,"_links":{"self":[{"href":"https:\/\/www.sudoestehoje.com.br\/novoportal\/wp-json\/wp\/v2\/posts\/234","targetHints":{"allow":["GET"]}}],"collection":[{"href":"https:\/\/www.sudoestehoje.com.br\/novoportal\/wp-json\/wp\/v2\/posts"}],"about":[{"href":"https:\/\/www.sudoestehoje.com.br\/novoportal\/wp-json\/wp\/v2\/types\/post"}],"author":[{"embeddable":true,"href":"https:\/\/www.sudoestehoje.com.br\/novoportal\/wp-json\/wp\/v2\/users\/1"}],"replies":[{"embeddable":true,"href":"https:\/\/www.sudoestehoje.com.br\/novoportal\/wp-json\/wp\/v2\/comments?post=234"}],"version-history":[{"count":1,"href":"https:\/\/www.sudoestehoje.com.br\/novoportal\/wp-json\/wp\/v2\/posts\/234\/revisions"}],"predecessor-version":[{"id":235,"href":"https:\/\/www.sudoestehoje.com.br\/novoportal\/wp-json\/wp\/v2\/posts\/234\/revisions\/235"}],"wp:attachment":[{"href":"https:\/\/www.sudoestehoje.com.br\/novoportal\/wp-json\/wp\/v2\/media?parent=234"}],"wp:term":[{"taxonomy":"category","embeddable":true,"href":"https:\/\/www.sudoestehoje.com.br\/novoportal\/wp-json\/wp\/v2\/categories?post=234"},{"taxonomy":"post_tag","embeddable":true,"href":"https:\/\/www.sudoestehoje.com.br\/novoportal\/wp-json\/wp\/v2\/tags?post=234"}],"curies":[{"name":"wp","href":"https:\/\/api.w.org\/{rel}","templated":true}]}}