
{"id":23398,"date":"2013-01-14T18:08:46","date_gmt":"2013-01-14T21:08:46","guid":{"rendered":"http:\/\/www.sudoestehoje.com.br\/novoportal\/?p=23398"},"modified":"2013-01-14T18:08:46","modified_gmt":"2013-01-14T21:08:46","slug":"sai-a-lista-dos-selecionados-do-sisu","status":"publish","type":"post","link":"https:\/\/www.sudoestehoje.com.br\/novoportal\/2013\/01\/14\/sai-a-lista-dos-selecionados-do-sisu\/","title":{"rendered":"SAI A LISTA DOS SELECIONADOS DO SISU"},"content":{"rendered":"<p><img decoding=\"async\" class=\"alignleft\" src=\"http:\/\/www.sitedosisu.com\/wp-content\/uploads\/2012\/12\/COMO-FUNCIONA-SISU.jpg\" alt=\"\" \/>O Minist\u00e9rio da Educa\u00e7\u00e3o divulgou nesta segunda-feira (14) a lista da primeira chamada de selecionados no Sistema de Sele\u00e7\u00e3o Unificada (Sisu). Os convocados devem providenciar a matr\u00edcula entre os dias 18 e 22 de janeiro. A segunda chamada ser\u00e1 divulgada no dia 28 deste m\u00eas, com matr\u00edculas de 1\u00ba a 5 de fevereiro.\u00a0Na primeira edi\u00e7\u00e3o deste ano do Sisu, a oferta chegou a 129.319 vagas em 3.752 cursos. Ao todo, 101 institui\u00e7\u00f5es p\u00fablicas de educa\u00e7\u00e3o superior selecionam estudantes por meio do sistema neste primeiro semestre de 2013. \u00a0\u00a0Concorrem \u00e0s vagas aqueles que participaram do Exame Nacional do Ensino M\u00e9dio (Enem) de 2012 e obtiveram nota na reda\u00e7\u00e3o que n\u00e3o tenha sido zero. Segundo o Minist\u00e9rio da Educa\u00e7\u00e3o, o balan\u00e7o detalhado, com todos os n\u00fameros referentes \u00e0 primeira edi\u00e7\u00e3o deste ano do Sisu, ser\u00e1 divulgado tamb\u00e9m nesta segunda (14).\u00a0<a title=\"Opens external link in new window\" href=\"http:\/\/sisu.mec.gov.br\/selecionados\" target=\"_blank\"><strong>Clique aqui e veja a lista dos selecionados.<\/strong><\/a><\/p>\n","protected":false},"excerpt":{"rendered":"<p>O Minist\u00e9rio da Educa\u00e7\u00e3o divulgou nesta segunda-feira (14) a lista da primeira chamada de selecionados no Sistema de Sele\u00e7\u00e3o Unificada (Sisu). Os convocados devem providenciar a matr\u00edcula entre os dias 18 e 22 de janeiro. A segunda chamada ser\u00e1 divulgada no dia 28 deste m\u00eas, com matr\u00edculas de 1\u00ba a 5 de fevereiro.\u00a0Na primeira edi\u00e7\u00e3o [&hellip;]<\/p>\n","protected":false},"author":2,"featured_media":0,"comment_status":"open","ping_status":"open","sticky":false,"template":"","format":"standard","meta":{"footnotes":"","_links_to":"","_links_to_target":""},"categories":[1],"tags":[],"class_list":["post-23398","post","type-post","status-publish","format-standard","hentry","category-geral"],"views":1095,"_links":{"self":[{"href":"https:\/\/www.sudoestehoje.com.br\/novoportal\/wp-json\/wp\/v2\/posts\/23398","targetHints":{"allow":["GET"]}}],"collection":[{"href":"https:\/\/www.sudoestehoje.com.br\/novoportal\/wp-json\/wp\/v2\/posts"}],"about":[{"href":"https:\/\/www.sudoestehoje.com.br\/novoportal\/wp-json\/wp\/v2\/types\/post"}],"author":[{"embeddable":true,"href":"https:\/\/www.sudoestehoje.com.br\/novoportal\/wp-json\/wp\/v2\/users\/2"}],"replies":[{"embeddable":true,"href":"https:\/\/www.sudoestehoje.com.br\/novoportal\/wp-json\/wp\/v2\/comments?post=23398"}],"version-history":[{"count":4,"href":"https:\/\/www.sudoestehoje.com.br\/novoportal\/wp-json\/wp\/v2\/posts\/23398\/revisions"}],"predecessor-version":[{"id":23402,"href":"https:\/\/www.sudoestehoje.com.br\/novoportal\/wp-json\/wp\/v2\/posts\/23398\/revisions\/23402"}],"wp:attachment":[{"href":"https:\/\/www.sudoestehoje.com.br\/novoportal\/wp-json\/wp\/v2\/media?parent=23398"}],"wp:term":[{"taxonomy":"category","embeddable":true,"href":"https:\/\/www.sudoestehoje.com.br\/novoportal\/wp-json\/wp\/v2\/categories?post=23398"},{"taxonomy":"post_tag","embeddable":true,"href":"https:\/\/www.sudoestehoje.com.br\/novoportal\/wp-json\/wp\/v2\/tags?post=23398"}],"curies":[{"name":"wp","href":"https:\/\/api.w.org\/{rel}","templated":true}]}}