
{"id":23347,"date":"2013-01-11T19:11:05","date_gmt":"2013-01-11T22:11:05","guid":{"rendered":"http:\/\/www.sudoestehoje.com.br\/novoportal\/?p=23347"},"modified":"2013-01-11T19:11:05","modified_gmt":"2013-01-11T22:11:05","slug":"acm-neto-se-desgarra-da-velha-direita","status":"publish","type":"post","link":"https:\/\/www.sudoestehoje.com.br\/novoportal\/2013\/01\/11\/acm-neto-se-desgarra-da-velha-direita\/","title":{"rendered":"ACM NETO SE DESGARRA DA VELHA DIREITA"},"content":{"rendered":"<p><img decoding=\"async\" class=\"aligncenter\" src=\"http:\/\/www.brasil247.com\/images\/cache\/1000x357\/crop\/images%7Ccms-image-000299673.jpg\" alt=\": \" width=\"500\" \/><\/p>\n<p>&nbsp;<\/p>\n<p><strong>Romulo Faro &#8211; Bahia 247<\/strong><\/p>\n<p>O prefeito de Salvador, ACM Neto (DEM), tem posto por \u00e1gua a baixo todas as expectativas da chamada oposi\u00e7\u00e3o raivosa da Bahia e, qui\u00e7\u00e1, do Brasil. E tamb\u00e9m dos partidos de esquerda. Na campanha de 2012, seu principal advers\u00e1rio, o petista Nelson Pelegrino (PT) &#8211; derrotado pela quarta vez na disputa pela gest\u00e3o da capital baiana, foi um dos que mais levantaram a discuss\u00e3o de que o democrata de 33 anos traria de volta \u00e0 Bahia as velhas pr\u00e1ticas do falecido ACM, o &#8216;xerife&#8217; baiano por duas longas d\u00e9cadas.<\/p>\n<p>PCdoB, PSB e PT, principalmente, falavam que o herdeiro do chamado carlismo traria de volta a pr\u00e1tica da &#8220;pol\u00edtica do chicote&#8221;. Erraram feio. Desde a campanha, na verdade.<!--more--><\/p>\n<p>ACM Neto pregava sua independ\u00eancia na corrida eleitoral, mas dizia que conversaria com quem fosse necess\u00e1rio para trazer de volta o brilho da primeira capital do Brasil, a Salvador de Castro Alves, de Dorival Caymmi, de Jorge Amado, onde o poeta Vin\u00edcius de Morais ficou encantado com a tarde de Itapu\u00e3 e sua \u00e1gua de coco.<\/p>\n<p>Enfim, romantismo \u00e0 parte, ACM Neto est\u00e1 fazendo mais do que prometeu.<\/p>\n<p>Com toda humildade poss\u00edvel, procurou o governador Jaques Wagner &#8211; o petista que acabou o carlismo em 2006 &#8211; para lhe levar a presidente Dilma Rousseff, sua correligion\u00e1ria e amiga, com quem se encontrou para pedir ajuda.<\/p>\n<p>E tem sido assim. Enquanto a esquerda &#8216;ideol\u00f3gica&#8217;, leia-se PT (n\u00e3o o governador. Esse, n\u00e3o), PSB e PCdoB, dizia que o neto de ACM ia formar um governo duro e intolerante com o &#8216;conservador&#8217; PSDB, o democrata procurou outra linha, a do di\u00e1logo.<\/p>\n<p>Em onze dias de governo, o prefeito &#8216;carlista&#8217; j\u00e1 procurou o governador Jaques Wagner pelo menos duas vezes e, em uma delas, com humildade e cortesia, pediu ajuda para realizar a maior festa de concentra\u00e7\u00e3o popular do planeta.<\/p>\n<p>O democrata admitiu que sozinho n\u00e3o teria condi\u00e7\u00e3o de realizar a festa, gra\u00e7as ao desastre chamado Jo\u00e3o Henrique de Barradas Carneiro (PP), que devastou Salvador durante seus oito anos consecutivos de governo (dois mandatos).<\/p>\n<p>Al\u00e9m do carnaval, ACM Neto j\u00e1 pediu ajuda ao governo do estado tamb\u00e9m para p\u00f4r o metr\u00f4, a maior vergonha da cidade, nos trilhos. O prefeito anunciou que j\u00e1 iniciou estudos e entregar\u00e1 ao Estado a gest\u00e3o do metr\u00f4, que \u00e9 constru\u00eddo h\u00e1 13 anos.<\/p>\n<p>Outra li\u00e7\u00e3o que o jovem democrata deu aos pessimistas e aos raivosos foi o an\u00fancio da implanta\u00e7\u00e3o do programa de cotas para o ingresso na gest\u00e3o p\u00fablica municipal.<\/p>\n<p>Esse, ali\u00e1s, tamb\u00e9m foi um dos pontos altos de Pelegrino e da &#8216;esquerda ideol\u00f3gica&#8217; durante a campanha.<\/p>\n<p>Diziam que ACM Neto era contra a pol\u00edtica de cotas para garantir acesso dos negros \u00e0s universidades. Mais uma que caiu por terra.<\/p>\n<p><strong>O prefeito do DEM e a esquerda<\/strong><\/p>\n<p>Dif\u00edcil seria imaginar um partido de esquerda procurar o prefeito do DEM para oferecer a m\u00e3o. Mas aconteceu.<\/p>\n<p>O presidente nacional do PDT, ex-ministro do Trabalho Carlos Lupi, veio a Salvador conversar com o diret\u00f3rio local e com o governador Jaques Wagner sobre 2014.<\/p>\n<p>Contudo, seu \u00faltimo compromisso, sem aviso pr\u00e9vio, foi uma visita ao Pal\u00e1cio Thom\u00e9 de Souza, onde fica o gabinete do prefeito, na entrada do universal Pelourinho.<\/p>\n<p>Em conversa com a imprensa, Lupi e Alexandre Brust, o presidente do PDT na Bahia, disseram que o partido, atrav\u00e9s do veterano e \u00fanico representante na C\u00e2mara, vereador Odiosvaldo Vigas (seis mandatos consecutivos), n\u00e3o criaria problema.<\/p>\n<p>&#8220;O PDT nunca ser\u00e1 contra a cidade. N\u00e3o faremos oposi\u00e7\u00e3o sistem\u00e1tica. Vamos votar com o prefeito sempre que o assunto for a favor de Salvador&#8221;.<\/p>\n<p>Postura igual tem adotado o rec\u00e9m-criado PSD, PP e PRB. Os partidos n\u00e3o v\u00e3o compor bloco da oposi\u00e7\u00e3o. Este, por sua vez, como dito em todo o texto, ser\u00e1 composto apenas de PT, PCdoB e PSB.<\/p>\n<p>Vale destacar, PSD, PDT, PRB e PP comp\u00f5em piamente a ampla e esmagadora base do governador Jaques Wagner na Assembleia Legislativa. Dos 63 parlamentares, o governador tem consigo 46.<\/p>\n<p>Ent\u00e3o, paira a d\u00favida. Onde est\u00e1 o carlismo, o qual a &#8216;esquerda ideol\u00f3gica&#8217; tanto temia na campanha?<\/p>\n<p>A postura do prefeito, por tabela, acaba por servir de exemplo tamb\u00e9m \u00e0 direita conservadora. \u00c9 ineg\u00e1vel que ela existe.<\/p>\n","protected":false},"excerpt":{"rendered":"<p>&nbsp; Romulo Faro &#8211; Bahia 247 O prefeito de Salvador, ACM Neto (DEM), tem posto por \u00e1gua a baixo todas as expectativas da chamada oposi\u00e7\u00e3o raivosa da Bahia e, qui\u00e7\u00e1, do Brasil. E tamb\u00e9m dos partidos de esquerda. Na campanha de 2012, seu principal advers\u00e1rio, o petista Nelson Pelegrino (PT) &#8211; derrotado pela quarta vez [&hellip;]<\/p>\n","protected":false},"author":2,"featured_media":0,"comment_status":"open","ping_status":"open","sticky":false,"template":"","format":"standard","meta":{"footnotes":"","_links_to":"","_links_to_target":""},"categories":[1],"tags":[],"class_list":["post-23347","post","type-post","status-publish","format-standard","hentry","category-geral"],"views":2084,"_links":{"self":[{"href":"https:\/\/www.sudoestehoje.com.br\/novoportal\/wp-json\/wp\/v2\/posts\/23347","targetHints":{"allow":["GET"]}}],"collection":[{"href":"https:\/\/www.sudoestehoje.com.br\/novoportal\/wp-json\/wp\/v2\/posts"}],"about":[{"href":"https:\/\/www.sudoestehoje.com.br\/novoportal\/wp-json\/wp\/v2\/types\/post"}],"author":[{"embeddable":true,"href":"https:\/\/www.sudoestehoje.com.br\/novoportal\/wp-json\/wp\/v2\/users\/2"}],"replies":[{"embeddable":true,"href":"https:\/\/www.sudoestehoje.com.br\/novoportal\/wp-json\/wp\/v2\/comments?post=23347"}],"version-history":[{"count":4,"href":"https:\/\/www.sudoestehoje.com.br\/novoportal\/wp-json\/wp\/v2\/posts\/23347\/revisions"}],"predecessor-version":[{"id":23351,"href":"https:\/\/www.sudoestehoje.com.br\/novoportal\/wp-json\/wp\/v2\/posts\/23347\/revisions\/23351"}],"wp:attachment":[{"href":"https:\/\/www.sudoestehoje.com.br\/novoportal\/wp-json\/wp\/v2\/media?parent=23347"}],"wp:term":[{"taxonomy":"category","embeddable":true,"href":"https:\/\/www.sudoestehoje.com.br\/novoportal\/wp-json\/wp\/v2\/categories?post=23347"},{"taxonomy":"post_tag","embeddable":true,"href":"https:\/\/www.sudoestehoje.com.br\/novoportal\/wp-json\/wp\/v2\/tags?post=23347"}],"curies":[{"name":"wp","href":"https:\/\/api.w.org\/{rel}","templated":true}]}}