
{"id":23323,"date":"2013-01-10T12:07:14","date_gmt":"2013-01-10T15:07:14","guid":{"rendered":"http:\/\/www.sudoestehoje.com.br\/novoportal\/?p=23323"},"modified":"2013-01-10T12:07:14","modified_gmt":"2013-01-10T15:07:14","slug":"marcelo-nilo-e-acm-neto-marcam-almoco-para-depois-do-carnaval","status":"publish","type":"post","link":"https:\/\/www.sudoestehoje.com.br\/novoportal\/2013\/01\/10\/marcelo-nilo-e-acm-neto-marcam-almoco-para-depois-do-carnaval\/","title":{"rendered":"MARCELO NILO E ACM NETO MARCAM ALMO\u00c7O PARA DEPOIS DO CARNAVAL"},"content":{"rendered":"<p style=\"text-align: center;\"><img decoding=\"async\" class=\"aligncenter\" src=\"http:\/\/www.politicalivre.com.br\/wp-content\/thumbgen_cache\/b1eade6394e3e2f1633690559623c78b.jpg\" alt=\"\" width=\"400\" \/><\/p>\n<p>&nbsp;<\/p>\n<p>O presidente da Assembleia Legislativa, deputado estadual Marcelo Nilo (PDT), um dos anti-carlistas mais empedernidos da Bahia, e o prefeito de Salvador, ACM Neto (DEM), conversaram ontem longamente durante a solenidade de posse da nova dire\u00e7\u00e3o da OAB. Por puro acaso, o cerimonial decidiu colocar os dois lado a lado. N\u00e3o se sabe quem tomou a iniciativa de puxar a conversa, mas quando o papo embalou nem o parlamentar nem o prefeito quiseram mais parar de tricotar. Sequer prestaram aten\u00e7\u00e3o aos discursos, longos e cansativos, que se sucediam nem se constrangeram diante de alguns olhares de reprova\u00e7\u00e3o ao \u201calheiamento\u201d. De resultado pr\u00e1tico, ACM Neto e Marcelo Nilo combinaram um almo\u00e7o para logo depois do Carnaval. \u00c9 o cen\u00e1rio de 2014 se aproximando e aproximando os personagens pol\u00edticos baianos.<\/p>\n<p>Pol\u00edtica Livre<\/p>\n","protected":false},"excerpt":{"rendered":"<p>&nbsp; O presidente da Assembleia Legislativa, deputado estadual Marcelo Nilo (PDT), um dos anti-carlistas mais empedernidos da Bahia, e o prefeito de Salvador, ACM Neto (DEM), conversaram ontem longamente durante a solenidade de posse da nova dire\u00e7\u00e3o da OAB. Por puro acaso, o cerimonial decidiu colocar os dois lado a lado. N\u00e3o se sabe quem [&hellip;]<\/p>\n","protected":false},"author":2,"featured_media":0,"comment_status":"open","ping_status":"open","sticky":false,"template":"","format":"standard","meta":{"footnotes":"","_links_to":"","_links_to_target":""},"categories":[1],"tags":[],"class_list":["post-23323","post","type-post","status-publish","format-standard","hentry","category-geral"],"views":1182,"_links":{"self":[{"href":"https:\/\/www.sudoestehoje.com.br\/novoportal\/wp-json\/wp\/v2\/posts\/23323","targetHints":{"allow":["GET"]}}],"collection":[{"href":"https:\/\/www.sudoestehoje.com.br\/novoportal\/wp-json\/wp\/v2\/posts"}],"about":[{"href":"https:\/\/www.sudoestehoje.com.br\/novoportal\/wp-json\/wp\/v2\/types\/post"}],"author":[{"embeddable":true,"href":"https:\/\/www.sudoestehoje.com.br\/novoportal\/wp-json\/wp\/v2\/users\/2"}],"replies":[{"embeddable":true,"href":"https:\/\/www.sudoestehoje.com.br\/novoportal\/wp-json\/wp\/v2\/comments?post=23323"}],"version-history":[{"count":2,"href":"https:\/\/www.sudoestehoje.com.br\/novoportal\/wp-json\/wp\/v2\/posts\/23323\/revisions"}],"predecessor-version":[{"id":23325,"href":"https:\/\/www.sudoestehoje.com.br\/novoportal\/wp-json\/wp\/v2\/posts\/23323\/revisions\/23325"}],"wp:attachment":[{"href":"https:\/\/www.sudoestehoje.com.br\/novoportal\/wp-json\/wp\/v2\/media?parent=23323"}],"wp:term":[{"taxonomy":"category","embeddable":true,"href":"https:\/\/www.sudoestehoje.com.br\/novoportal\/wp-json\/wp\/v2\/categories?post=23323"},{"taxonomy":"post_tag","embeddable":true,"href":"https:\/\/www.sudoestehoje.com.br\/novoportal\/wp-json\/wp\/v2\/tags?post=23323"}],"curies":[{"name":"wp","href":"https:\/\/api.w.org\/{rel}","templated":true}]}}