
{"id":23276,"date":"2013-01-09T13:41:04","date_gmt":"2013-01-09T16:41:04","guid":{"rendered":"http:\/\/www.sudoestehoje.com.br\/novoportal\/?p=23276"},"modified":"2013-01-09T13:41:04","modified_gmt":"2013-01-09T16:41:04","slug":"novo-cargo-para-traira","status":"publish","type":"post","link":"https:\/\/www.sudoestehoje.com.br\/novoportal\/2013\/01\/09\/novo-cargo-para-traira\/","title":{"rendered":"NOVO CARGO PARA TRA\u00cdRA"},"content":{"rendered":"<p><img decoding=\"async\" class=\"aligncenter\" src=\"http:\/\/1.bp.blogspot.com\/_U_fWfQf0hUM\/TA-hLiPVoCI\/AAAAAAAAADc\/JWz-B3Now2s\/s1600\/traira_preview.jpg\" alt=\"\" width=\"150\" \/><\/p>\n<p>Recebi a informa\u00e7\u00e3o de que um novo cargo est\u00e1 para ser criado na estrutura da Secretaria Municipal de Sa\u00fade, para acomodar um &#8216;oposicionista&#8217;, que pode desembarcar, de mala e cuia, na administra\u00e7\u00e3o municipal. Segundo fontes fidedignas, a costura come\u00e7ou a ser feita durante as &#8216;negocia\u00e7\u00f5es&#8217; par compor a mesa diretora da C\u00e2mara de Vereadores de Itapetinga e faz parte de um acordo maior, visando as elei\u00e7\u00f5es de 2014 para a Assembl\u00e9ia Legislativa. Se a informa\u00e7\u00e3o for verdadeira, logo, logo o prefeito encaminha projeto de lei \u00e0 c\u00e2mara, propondo a cria\u00e7\u00e3o do novo cargo, que j\u00e1 tem dono. Vamos aguardar para saber o nome do tra\u00edra&#8230;<\/p>\n","protected":false},"excerpt":{"rendered":"<p>Recebi a informa\u00e7\u00e3o de que um novo cargo est\u00e1 para ser criado na estrutura da Secretaria Municipal de Sa\u00fade, para acomodar um &#8216;oposicionista&#8217;, que pode desembarcar, de mala e cuia, na administra\u00e7\u00e3o municipal. Segundo fontes fidedignas, a costura come\u00e7ou a ser feita durante as &#8216;negocia\u00e7\u00f5es&#8217; par compor a mesa diretora da C\u00e2mara de Vereadores de [&hellip;]<\/p>\n","protected":false},"author":2,"featured_media":0,"comment_status":"open","ping_status":"open","sticky":false,"template":"","format":"standard","meta":{"footnotes":"","_links_to":"","_links_to_target":""},"categories":[11],"tags":[],"class_list":["post-23276","post","type-post","status-publish","format-standard","hentry","category-quentinhas"],"views":1536,"_links":{"self":[{"href":"https:\/\/www.sudoestehoje.com.br\/novoportal\/wp-json\/wp\/v2\/posts\/23276","targetHints":{"allow":["GET"]}}],"collection":[{"href":"https:\/\/www.sudoestehoje.com.br\/novoportal\/wp-json\/wp\/v2\/posts"}],"about":[{"href":"https:\/\/www.sudoestehoje.com.br\/novoportal\/wp-json\/wp\/v2\/types\/post"}],"author":[{"embeddable":true,"href":"https:\/\/www.sudoestehoje.com.br\/novoportal\/wp-json\/wp\/v2\/users\/2"}],"replies":[{"embeddable":true,"href":"https:\/\/www.sudoestehoje.com.br\/novoportal\/wp-json\/wp\/v2\/comments?post=23276"}],"version-history":[{"count":2,"href":"https:\/\/www.sudoestehoje.com.br\/novoportal\/wp-json\/wp\/v2\/posts\/23276\/revisions"}],"predecessor-version":[{"id":23278,"href":"https:\/\/www.sudoestehoje.com.br\/novoportal\/wp-json\/wp\/v2\/posts\/23276\/revisions\/23278"}],"wp:attachment":[{"href":"https:\/\/www.sudoestehoje.com.br\/novoportal\/wp-json\/wp\/v2\/media?parent=23276"}],"wp:term":[{"taxonomy":"category","embeddable":true,"href":"https:\/\/www.sudoestehoje.com.br\/novoportal\/wp-json\/wp\/v2\/categories?post=23276"},{"taxonomy":"post_tag","embeddable":true,"href":"https:\/\/www.sudoestehoje.com.br\/novoportal\/wp-json\/wp\/v2\/tags?post=23276"}],"curies":[{"name":"wp","href":"https:\/\/api.w.org\/{rel}","templated":true}]}}