
{"id":23227,"date":"2013-01-07T12:51:50","date_gmt":"2013-01-07T15:51:50","guid":{"rendered":"http:\/\/www.sudoestehoje.com.br\/novoportal\/?p=23227"},"modified":"2013-01-07T12:55:12","modified_gmt":"2013-01-07T15:55:12","slug":"so-faltava-essa","status":"publish","type":"post","link":"https:\/\/www.sudoestehoje.com.br\/novoportal\/2013\/01\/07\/so-faltava-essa\/","title":{"rendered":"S\u00d3 FALTAVA ESTA&#8230;"},"content":{"rendered":"<p style=\"text-align: center;\"><img decoding=\"async\" class=\"aligncenter\" src=\"http:\/\/www.panoticias.com.br\/wp-content\/uploads\/2012\/12\/acm-dilma-wagner.jpg\" alt=\"\" width=\"400\" \/><\/p>\n<p style=\"text-align: center;\"><em>Neto faz mimo a Dilma e diz que pode marchar com Wagner em 2014\u00a0<\/em><\/p>\n<p>&nbsp;<\/p>\n<p>Com elogios do prefeito ACM Neto neste domingo em S\u00e3o Paulo \u00e0 presidente Dilma Rousseff ao dizer que \u201cO Democratas est\u00e1 aberto para 2014\u201d, n\u00e3o se deve surpreender se a presidente, em sua campanha \u00e0 reelei\u00e7\u00e3o, contar com o apoio do democratas e, mais ainda, se isso acontecer, Neto n\u00e3o andar, na campanha, de m\u00e3os dadas com o governador Jaques Wagner, se de fato for ele o coordenador da campanha eleitoral. Disse ele, de forma totalmente aberta que &#8220;Eu acho que neste momento n\u00e3o se deve descartar nenhuma hip\u00f3tese&#8221;. Observa-se assim mudan\u00e7as substanciais na pol\u00edtica partid\u00e1ria no inicio deste 2013 (ver nota abaixo). As declara\u00e7\u00f5es do prefeito s\u00e3o absolutamente claras a esse respeito.<\/p>\n<p>Samuel Celestino (BN)<\/p>\n","protected":false},"excerpt":{"rendered":"<p>Neto faz mimo a Dilma e diz que pode marchar com Wagner em 2014\u00a0 &nbsp; Com elogios do prefeito ACM Neto neste domingo em S\u00e3o Paulo \u00e0 presidente Dilma Rousseff ao dizer que \u201cO Democratas est\u00e1 aberto para 2014\u201d, n\u00e3o se deve surpreender se a presidente, em sua campanha \u00e0 reelei\u00e7\u00e3o, contar com o apoio [&hellip;]<\/p>\n","protected":false},"author":2,"featured_media":0,"comment_status":"open","ping_status":"open","sticky":false,"template":"","format":"standard","meta":{"footnotes":"","_links_to":"","_links_to_target":""},"categories":[1],"tags":[],"class_list":["post-23227","post","type-post","status-publish","format-standard","hentry","category-geral"],"views":1145,"_links":{"self":[{"href":"https:\/\/www.sudoestehoje.com.br\/novoportal\/wp-json\/wp\/v2\/posts\/23227","targetHints":{"allow":["GET"]}}],"collection":[{"href":"https:\/\/www.sudoestehoje.com.br\/novoportal\/wp-json\/wp\/v2\/posts"}],"about":[{"href":"https:\/\/www.sudoestehoje.com.br\/novoportal\/wp-json\/wp\/v2\/types\/post"}],"author":[{"embeddable":true,"href":"https:\/\/www.sudoestehoje.com.br\/novoportal\/wp-json\/wp\/v2\/users\/2"}],"replies":[{"embeddable":true,"href":"https:\/\/www.sudoestehoje.com.br\/novoportal\/wp-json\/wp\/v2\/comments?post=23227"}],"version-history":[{"count":3,"href":"https:\/\/www.sudoestehoje.com.br\/novoportal\/wp-json\/wp\/v2\/posts\/23227\/revisions"}],"predecessor-version":[{"id":23229,"href":"https:\/\/www.sudoestehoje.com.br\/novoportal\/wp-json\/wp\/v2\/posts\/23227\/revisions\/23229"}],"wp:attachment":[{"href":"https:\/\/www.sudoestehoje.com.br\/novoportal\/wp-json\/wp\/v2\/media?parent=23227"}],"wp:term":[{"taxonomy":"category","embeddable":true,"href":"https:\/\/www.sudoestehoje.com.br\/novoportal\/wp-json\/wp\/v2\/categories?post=23227"},{"taxonomy":"post_tag","embeddable":true,"href":"https:\/\/www.sudoestehoje.com.br\/novoportal\/wp-json\/wp\/v2\/tags?post=23227"}],"curies":[{"name":"wp","href":"https:\/\/api.w.org\/{rel}","templated":true}]}}