
{"id":2312,"date":"2010-11-30T18:10:37","date_gmt":"2010-11-30T21:10:37","guid":{"rendered":"http:\/\/www.sudoestehoje.com.br\/novoportal\/?p=2312"},"modified":"2010-11-30T18:11:10","modified_gmt":"2010-11-30T21:11:10","slug":"tabua-de-graxa","status":"publish","type":"post","link":"https:\/\/www.sudoestehoje.com.br\/novoportal\/2010\/11\/30\/tabua-de-graxa\/","title":{"rendered":"T\u00c1BUA DE GRAXA"},"content":{"rendered":"<p style=\"text-align: center;\"><a id=\"apf4\" href=\"http:\/\/www.google.com.br\/imgres?imgurl=http:\/\/www.globalframe.com.br\/gf_base\/empresas\/MIGA\/imagens\/EFE016F8D728E3D8BF4993B87EE78B4DA940_despedida.jpg&amp;imgrefurl=http:\/\/www.migalhas.com.br\/mostra_noticia.aspx%3Fcod%3D79011&amp;usg=__l91FT4iGrTqXgZm8yUPwpSpCxS4=&amp;h=365&amp;w=374&amp;sz=63&amp;hl=pt-br&amp;start=5&amp;sig2=VzDIaPYN-E3iKdiULkNSPw&amp;zoom=1&amp;um=1&amp;itbs=1&amp;tbnid=0ivpnxgxFjo0vM:&amp;tbnh=119&amp;tbnw=122&amp;prev=\/images%3Fq%3Ddemiss%25C3%25B5es%26um%3D1%26hl%3Dpt-br%26sa%3DG%26rlz%3D1R2ADBS_pt-BRBR354%26tbs%3Disch:1&amp;ei=rmf1TMGaFsL7lweQ_qnEBQ\"><img loading=\"lazy\" decoding=\"async\" id=\"ipf0ivpnxgxFjo0vM:\" class=\"aligncenter\" src=\"http:\/\/t1.gstatic.com\/images?q=tbn:0ivpnxgxFjo0vM:http:\/\/www.globalframe.com.br\/gf_base\/empresas\/MIGA\/imagens\/EFE016F8D728E3D8BF4993B87EE78B4DA940_despedida.jpg\" alt=\"\" width=\"122\" height=\"119\" \/><\/a><\/p>\n<p>O coment\u00e1rio \u00e9 grande e &#8216;onde h\u00e1 fuma\u00e7a, h\u00e1 fogo&#8217;. O neg\u00f3cio \u00e9 o seguinte: as contas de novembro, da prefeitura de Itapetinga, n\u00e3o est\u00e3o fechando, e para arrumar a vida do prefeito, junto ao TCM, v\u00e3o ter que\u00a0demitir. Dizem que nos contratados, cuja perman\u00eancia s\u00f3 vai at\u00e9 o final de dezembro, o conte vai come\u00e7ar mais cedo.\u00a0 Dos cargos de &#8216;desconfian\u00e7a&#8217;, onde mora a incompet\u00eancia e o excesso de &#8216;sabedoria&#8217;, v\u00e3o cortar s\u00f3 um &#8216;tiquinho&#8217;. Ser\u00e1?<\/p>\n","protected":false},"excerpt":{"rendered":"<p>O coment\u00e1rio \u00e9 grande e &#8216;onde h\u00e1 fuma\u00e7a, h\u00e1 fogo&#8217;. O neg\u00f3cio \u00e9 o seguinte: as contas de novembro, da prefeitura de Itapetinga, n\u00e3o est\u00e3o fechando, e para arrumar a vida do prefeito, junto ao TCM, v\u00e3o ter que\u00a0demitir. Dizem que nos contratados, cuja perman\u00eancia s\u00f3 vai at\u00e9 o final de dezembro, o conte vai [&hellip;]<\/p>\n","protected":false},"author":2,"featured_media":0,"comment_status":"open","ping_status":"open","sticky":false,"template":"","format":"standard","meta":{"footnotes":"","_links_to":"","_links_to_target":""},"categories":[11],"tags":[],"class_list":["post-2312","post","type-post","status-publish","format-standard","hentry","category-quentinhas"],"views":1435,"_links":{"self":[{"href":"https:\/\/www.sudoestehoje.com.br\/novoportal\/wp-json\/wp\/v2\/posts\/2312","targetHints":{"allow":["GET"]}}],"collection":[{"href":"https:\/\/www.sudoestehoje.com.br\/novoportal\/wp-json\/wp\/v2\/posts"}],"about":[{"href":"https:\/\/www.sudoestehoje.com.br\/novoportal\/wp-json\/wp\/v2\/types\/post"}],"author":[{"embeddable":true,"href":"https:\/\/www.sudoestehoje.com.br\/novoportal\/wp-json\/wp\/v2\/users\/2"}],"replies":[{"embeddable":true,"href":"https:\/\/www.sudoestehoje.com.br\/novoportal\/wp-json\/wp\/v2\/comments?post=2312"}],"version-history":[{"count":3,"href":"https:\/\/www.sudoestehoje.com.br\/novoportal\/wp-json\/wp\/v2\/posts\/2312\/revisions"}],"predecessor-version":[{"id":2315,"href":"https:\/\/www.sudoestehoje.com.br\/novoportal\/wp-json\/wp\/v2\/posts\/2312\/revisions\/2315"}],"wp:attachment":[{"href":"https:\/\/www.sudoestehoje.com.br\/novoportal\/wp-json\/wp\/v2\/media?parent=2312"}],"wp:term":[{"taxonomy":"category","embeddable":true,"href":"https:\/\/www.sudoestehoje.com.br\/novoportal\/wp-json\/wp\/v2\/categories?post=2312"},{"taxonomy":"post_tag","embeddable":true,"href":"https:\/\/www.sudoestehoje.com.br\/novoportal\/wp-json\/wp\/v2\/tags?post=2312"}],"curies":[{"name":"wp","href":"https:\/\/api.w.org\/{rel}","templated":true}]}}