
{"id":23112,"date":"2012-12-30T20:30:38","date_gmt":"2012-12-30T23:30:38","guid":{"rendered":"http:\/\/www.sudoestehoje.com.br\/novoportal\/?p=23112"},"modified":"2012-12-31T01:22:26","modified_gmt":"2012-12-31T04:22:26","slug":"convite-para-posse-de-dr-paulo-fernandes-em-itarantim","status":"publish","type":"post","link":"https:\/\/www.sudoestehoje.com.br\/novoportal\/2012\/12\/30\/convite-para-posse-de-dr-paulo-fernandes-em-itarantim\/","title":{"rendered":"CONVITE PARA POSSE DE DR. PAULO FERNANDES EM ITARANTIM"},"content":{"rendered":"<p style=\"text-align: center;\"><img decoding=\"async\" class=\"aligncenter\" src=\"http:\/\/3.bp.blogspot.com\/-75ZKlVl65Aw\/UNx-itTJPcI\/AAAAAAAAGJo\/--9ho6qj1C4\/s400\/bat+papo+028.JPG\" alt=\"\" width=\"400\" \/><\/p>\n<p>O Prefeito eleito de Itarantim, Dr. Paulo Fernandes e o Vice Kleber Fonseca querem dividir com voc\u00ea e com toda a sua fam\u00edlia as emo\u00e7\u00f5es deste momento hist\u00f3rico na vida pol\u00edtica de Itarantim. Por isto, t\u00eam a honra de convidar a todos os itarantienses para se fazerem presentes, nesta ter\u00e7a feira, dia 1\u00ba de janeiro de 2013, \u00e0s 17:30 horas, na Pra\u00e7a Luiz Viana Filho, onde estar\u00e1 sendo realizada a solenidade de posse do Prefeito e do vice para o quadri\u00eanio 2013 a 2016. Venham se juntar a n\u00f3s e venha fazer parte desse momento hist\u00f3rico da nossa cidade. Contamos com todos voc\u00eas.\u00a0<em>Itarantim Agora<\/em><\/p>\n","protected":false},"excerpt":{"rendered":"<p>O Prefeito eleito de Itarantim, Dr. Paulo Fernandes e o Vice Kleber Fonseca querem dividir com voc\u00ea e com toda a sua fam\u00edlia as emo\u00e7\u00f5es deste momento hist\u00f3rico na vida pol\u00edtica de Itarantim. Por isto, t\u00eam a honra de convidar a todos os itarantienses para se fazerem presentes, nesta ter\u00e7a feira, dia 1\u00ba de janeiro [&hellip;]<\/p>\n","protected":false},"author":2,"featured_media":0,"comment_status":"open","ping_status":"open","sticky":false,"template":"","format":"standard","meta":{"footnotes":"","_links_to":"","_links_to_target":""},"categories":[1],"tags":[],"class_list":["post-23112","post","type-post","status-publish","format-standard","hentry","category-geral"],"views":2086,"_links":{"self":[{"href":"https:\/\/www.sudoestehoje.com.br\/novoportal\/wp-json\/wp\/v2\/posts\/23112","targetHints":{"allow":["GET"]}}],"collection":[{"href":"https:\/\/www.sudoestehoje.com.br\/novoportal\/wp-json\/wp\/v2\/posts"}],"about":[{"href":"https:\/\/www.sudoestehoje.com.br\/novoportal\/wp-json\/wp\/v2\/types\/post"}],"author":[{"embeddable":true,"href":"https:\/\/www.sudoestehoje.com.br\/novoportal\/wp-json\/wp\/v2\/users\/2"}],"replies":[{"embeddable":true,"href":"https:\/\/www.sudoestehoje.com.br\/novoportal\/wp-json\/wp\/v2\/comments?post=23112"}],"version-history":[{"count":5,"href":"https:\/\/www.sudoestehoje.com.br\/novoportal\/wp-json\/wp\/v2\/posts\/23112\/revisions"}],"predecessor-version":[{"id":23116,"href":"https:\/\/www.sudoestehoje.com.br\/novoportal\/wp-json\/wp\/v2\/posts\/23112\/revisions\/23116"}],"wp:attachment":[{"href":"https:\/\/www.sudoestehoje.com.br\/novoportal\/wp-json\/wp\/v2\/media?parent=23112"}],"wp:term":[{"taxonomy":"category","embeddable":true,"href":"https:\/\/www.sudoestehoje.com.br\/novoportal\/wp-json\/wp\/v2\/categories?post=23112"},{"taxonomy":"post_tag","embeddable":true,"href":"https:\/\/www.sudoestehoje.com.br\/novoportal\/wp-json\/wp\/v2\/tags?post=23112"}],"curies":[{"name":"wp","href":"https:\/\/api.w.org\/{rel}","templated":true}]}}