
{"id":23053,"date":"2012-12-26T18:51:30","date_gmt":"2012-12-26T21:51:30","guid":{"rendered":"http:\/\/www.sudoestehoje.com.br\/novoportal\/?p=23053"},"modified":"2012-12-26T18:51:30","modified_gmt":"2012-12-26T21:51:30","slug":"geddel-pode-disputar-presidencia-nacional-do-pmdb","status":"publish","type":"post","link":"https:\/\/www.sudoestehoje.com.br\/novoportal\/2012\/12\/26\/geddel-pode-disputar-presidencia-nacional-do-pmdb\/","title":{"rendered":"GEDDEL PODE DISPUTAR PRESID\u00caNCIA NACIONAL DO PMDB"},"content":{"rendered":"<div><img decoding=\"async\" class=\"aligncenter\" src=\"http:\/\/bahiaempauta.com.br\/wp-content\/uploads\/2011\/08\/Gedde.jpg\" alt=\"\" width=\"500\" \/><\/div>\n<div><\/div>\n<div>O vice-presidente de Pessoa Jur\u00eddica da Caixa, Geddel Vieira Lima, classificou nesta quarta-feira (26) como uma \u201ccoisa embrion\u00e1ria\u201d a possibilidade de disputar a presid\u00eancia nacional do PMDB. O baiano confirmou que tem sido procurado por correligion\u00e1rios que desejam v\u00ea-lo no comando do partido. \u201cIsso surgiu de uma s\u00e9rie de est\u00edmulos que tenho recebido de lideran\u00e7as peemedebistas\u201d, disse ao Bahia Not\u00edcias. Os colegas de legenda argumentam que o vice-presidente da Rep\u00fablica, Michel Temer, dever\u00e1 concorrer novamente e se licenciar. Assim, o cargo seria ocupado pelo vice da sigla, Valdir Raupp. Sobre a chance de concorrer novamente ao governo do Estado, o ex-ministro reiterou sua vontade de ser o chefe do Executivo baiano. \u201cTenho que avaliar o quadro em 2014. Meu desejo \u00e9 que o PMDB tenha candidato pr\u00f3prio e eu quero disputar mais ma vez. Agora, entre desejar e ser candidato, h\u00e1 uma grande diferen\u00e7a. Tenho que aguardar as circunst\u00e2ncias\u201d, avaliou.<\/div>\n<div><strong><br \/>\n<\/strong><\/div>\n","protected":false},"excerpt":{"rendered":"<p>O vice-presidente de Pessoa Jur\u00eddica da Caixa, Geddel Vieira Lima, classificou nesta quarta-feira (26) como uma \u201ccoisa embrion\u00e1ria\u201d a possibilidade de disputar a presid\u00eancia nacional do PMDB. O baiano confirmou que tem sido procurado por correligion\u00e1rios que desejam v\u00ea-lo no comando do partido. \u201cIsso surgiu de uma s\u00e9rie de est\u00edmulos que tenho recebido de lideran\u00e7as [&hellip;]<\/p>\n","protected":false},"author":2,"featured_media":0,"comment_status":"open","ping_status":"open","sticky":false,"template":"","format":"standard","meta":{"footnotes":"","_links_to":"","_links_to_target":""},"categories":[1],"tags":[],"class_list":["post-23053","post","type-post","status-publish","format-standard","hentry","category-geral"],"views":1278,"_links":{"self":[{"href":"https:\/\/www.sudoestehoje.com.br\/novoportal\/wp-json\/wp\/v2\/posts\/23053","targetHints":{"allow":["GET"]}}],"collection":[{"href":"https:\/\/www.sudoestehoje.com.br\/novoportal\/wp-json\/wp\/v2\/posts"}],"about":[{"href":"https:\/\/www.sudoestehoje.com.br\/novoportal\/wp-json\/wp\/v2\/types\/post"}],"author":[{"embeddable":true,"href":"https:\/\/www.sudoestehoje.com.br\/novoportal\/wp-json\/wp\/v2\/users\/2"}],"replies":[{"embeddable":true,"href":"https:\/\/www.sudoestehoje.com.br\/novoportal\/wp-json\/wp\/v2\/comments?post=23053"}],"version-history":[{"count":4,"href":"https:\/\/www.sudoestehoje.com.br\/novoportal\/wp-json\/wp\/v2\/posts\/23053\/revisions"}],"predecessor-version":[{"id":23057,"href":"https:\/\/www.sudoestehoje.com.br\/novoportal\/wp-json\/wp\/v2\/posts\/23053\/revisions\/23057"}],"wp:attachment":[{"href":"https:\/\/www.sudoestehoje.com.br\/novoportal\/wp-json\/wp\/v2\/media?parent=23053"}],"wp:term":[{"taxonomy":"category","embeddable":true,"href":"https:\/\/www.sudoestehoje.com.br\/novoportal\/wp-json\/wp\/v2\/categories?post=23053"},{"taxonomy":"post_tag","embeddable":true,"href":"https:\/\/www.sudoestehoje.com.br\/novoportal\/wp-json\/wp\/v2\/tags?post=23053"}],"curies":[{"name":"wp","href":"https:\/\/api.w.org\/{rel}","templated":true}]}}