
{"id":23050,"date":"2012-12-26T18:47:43","date_gmt":"2012-12-26T21:47:43","guid":{"rendered":"http:\/\/www.sudoestehoje.com.br\/novoportal\/?p=23050"},"modified":"2012-12-26T18:47:43","modified_gmt":"2012-12-26T21:47:43","slug":"prefeito-reeleito-renuncia-ao-1o-mandato-para-preparar-o-2o","status":"publish","type":"post","link":"https:\/\/www.sudoestehoje.com.br\/novoportal\/2012\/12\/26\/prefeito-reeleito-renuncia-ao-1o-mandato-para-preparar-o-2o\/","title":{"rendered":"PREFEITO REELEITO RENUNCIA AO 1\u00ba MANDATO PARA PREPARAR O 2\u00ba"},"content":{"rendered":"<p><img decoding=\"async\" class=\"alignleft\" src=\"http:\/\/www.bahianoticias.com.br\/fotos\/principal_noticias\/128455\/IMAGEM_NOTICIA_5.jpg\" alt=\"Prefeito reeleito renuncia ao 1\u00ba mandato para preparar o 2\u00ba\" width=\"300\" \/>Reeleito com 63% dos votos v\u00e1lidos, o prefeito de Jaboat\u00e3o dos Guararapes (PE), Elias Gomes (PSDB), renunciou aos \u00faltimos dez dias do mandato com o objetivo de \u201cse preparar\u201d para a pr\u00f3xima gest\u00e3o \u00e0 frente da administra\u00e7\u00e3o municipal, a partir da pr\u00f3xima semana. O vice-prefeito Edir Peres (PPS) tomou posse na \u00faltima semana. \u201cO primeiro objetivo \u00e9 separar o velho do que est\u00e1 prestes a come\u00e7ar\u201d, justificou o prefeito.<\/p>\n<p>O per\u00edodo de afastamento do gestor coincide com as semanas de Natal e Ano Novo, mas ele afirmou que trabalhar\u00e1 no per\u00edodo e n\u00e3o viajar\u00e1 at\u00e9 o final do ano. \u201cSem a responsabilidade de um mandato, de burocracia, do expediente di\u00e1rio, de ter que ir \u00e0 prefeitura, eu fiz uma imers\u00e3o para fazer uma cr\u00edtica de mim mesmo, uma cr\u00edtica do governo. N\u00e3o tenho que ser coerente com os meus erros\u201d, disse Gomes, que admitiu ter falhado nas \u00e1reas de seguran\u00e7a e meio ambiente. Informa\u00e7\u00f5es da Folha.<\/p>\n","protected":false},"excerpt":{"rendered":"<p>Reeleito com 63% dos votos v\u00e1lidos, o prefeito de Jaboat\u00e3o dos Guararapes (PE), Elias Gomes (PSDB), renunciou aos \u00faltimos dez dias do mandato com o objetivo de \u201cse preparar\u201d para a pr\u00f3xima gest\u00e3o \u00e0 frente da administra\u00e7\u00e3o municipal, a partir da pr\u00f3xima semana. O vice-prefeito Edir Peres (PPS) tomou posse na \u00faltima semana. \u201cO primeiro [&hellip;]<\/p>\n","protected":false},"author":2,"featured_media":0,"comment_status":"open","ping_status":"open","sticky":false,"template":"","format":"standard","meta":{"footnotes":"","_links_to":"","_links_to_target":""},"categories":[1],"tags":[],"class_list":["post-23050","post","type-post","status-publish","format-standard","hentry","category-geral"],"views":1068,"_links":{"self":[{"href":"https:\/\/www.sudoestehoje.com.br\/novoportal\/wp-json\/wp\/v2\/posts\/23050","targetHints":{"allow":["GET"]}}],"collection":[{"href":"https:\/\/www.sudoestehoje.com.br\/novoportal\/wp-json\/wp\/v2\/posts"}],"about":[{"href":"https:\/\/www.sudoestehoje.com.br\/novoportal\/wp-json\/wp\/v2\/types\/post"}],"author":[{"embeddable":true,"href":"https:\/\/www.sudoestehoje.com.br\/novoportal\/wp-json\/wp\/v2\/users\/2"}],"replies":[{"embeddable":true,"href":"https:\/\/www.sudoestehoje.com.br\/novoportal\/wp-json\/wp\/v2\/comments?post=23050"}],"version-history":[{"count":2,"href":"https:\/\/www.sudoestehoje.com.br\/novoportal\/wp-json\/wp\/v2\/posts\/23050\/revisions"}],"predecessor-version":[{"id":23052,"href":"https:\/\/www.sudoestehoje.com.br\/novoportal\/wp-json\/wp\/v2\/posts\/23050\/revisions\/23052"}],"wp:attachment":[{"href":"https:\/\/www.sudoestehoje.com.br\/novoportal\/wp-json\/wp\/v2\/media?parent=23050"}],"wp:term":[{"taxonomy":"category","embeddable":true,"href":"https:\/\/www.sudoestehoje.com.br\/novoportal\/wp-json\/wp\/v2\/categories?post=23050"},{"taxonomy":"post_tag","embeddable":true,"href":"https:\/\/www.sudoestehoje.com.br\/novoportal\/wp-json\/wp\/v2\/tags?post=23050"}],"curies":[{"name":"wp","href":"https:\/\/api.w.org\/{rel}","templated":true}]}}