
{"id":23047,"date":"2012-12-26T18:40:54","date_gmt":"2012-12-26T21:40:54","guid":{"rendered":"http:\/\/www.sudoestehoje.com.br\/novoportal\/?p=23047"},"modified":"2012-12-26T20:42:24","modified_gmt":"2012-12-26T23:42:24","slug":"dona-cano-e-enterrada-sob-forte-comocao-em-santo-amaro","status":"publish","type":"post","link":"https:\/\/www.sudoestehoje.com.br\/novoportal\/2012\/12\/26\/dona-cano-e-enterrada-sob-forte-comocao-em-santo-amaro\/","title":{"rendered":"DONA CAN\u00d4 \u00c9 ENTERRADA SOB FORTE COMO\u00c7\u00c3O EM SANTO AMARO"},"content":{"rendered":"<div>\n<div id=\"cke_pastebin\"><img decoding=\"async\" class=\"aligncenter\" src=\"http:\/\/www.bahianoticias.com.br\/fotos\/principal_noticias\/128473\/IMAGEM_NOTICIA_5.jpg\" alt=\"Corpo de Dona Can\u00f4 \u00e9 enterrado em Santo Amaro\" width=\"500\" \/><\/div>\n<div><\/div>\n<div>O corpo de Dona Can\u00f4 foi enterrado na manh\u00e3 desta quarta-feira (26) no cemit\u00e9rio de Santo Amaro, no Rec\u00f4ncavo baiano. O sepultamento foi acompanhado por familiares, amigos e moradores do munic\u00edpio que foram se despedir da matriarca da fam\u00edlia Velloso.<\/div>\n<div><img decoding=\"async\" class=\"aligncenter\" src=\"http:\/\/f.i.uol.com.br\/fotografia\/2012\/12\/26\/223590-640x480-1.jpeg\" alt=\"\" width=\"500\" \/><\/div>\n<div><\/div>\n<div>O cortejo seguiu ap\u00f3s a missa de corpo presente realizada durante a manh\u00e3 na Igreja da Matriz na Pra\u00e7a da Purifica\u00e7\u00e3o. Celebrada por Dom Giovani, bispo auxiliar de Salvador, e por monsenhor Valter Pinto, p\u00e1roco local, a cerim\u00f4nia come\u00e7ou por volta das 8h30, contou com a presen\u00e7a de parentes e amigos e foi marcada por muita emo\u00e7\u00e3o. Os filhos de Dona Can\u00f4 ajudaram a carregar o caix\u00e3o da m\u00e3e, coberto pela bandeira de Santo Amaro, at\u00e9 a igreja.<\/div>\n<div><\/div>\n<\/div>\n","protected":false},"excerpt":{"rendered":"<p>O corpo de Dona Can\u00f4 foi enterrado na manh\u00e3 desta quarta-feira (26) no cemit\u00e9rio de Santo Amaro, no Rec\u00f4ncavo baiano. O sepultamento foi acompanhado por familiares, amigos e moradores do munic\u00edpio que foram se despedir da matriarca da fam\u00edlia Velloso. O cortejo seguiu ap\u00f3s a missa de corpo presente realizada durante a manh\u00e3 na Igreja [&hellip;]<\/p>\n","protected":false},"author":2,"featured_media":0,"comment_status":"open","ping_status":"open","sticky":false,"template":"","format":"standard","meta":{"footnotes":"","_links_to":"","_links_to_target":""},"categories":[1],"tags":[],"class_list":["post-23047","post","type-post","status-publish","format-standard","hentry","category-geral"],"views":1433,"_links":{"self":[{"href":"https:\/\/www.sudoestehoje.com.br\/novoportal\/wp-json\/wp\/v2\/posts\/23047","targetHints":{"allow":["GET"]}}],"collection":[{"href":"https:\/\/www.sudoestehoje.com.br\/novoportal\/wp-json\/wp\/v2\/posts"}],"about":[{"href":"https:\/\/www.sudoestehoje.com.br\/novoportal\/wp-json\/wp\/v2\/types\/post"}],"author":[{"embeddable":true,"href":"https:\/\/www.sudoestehoje.com.br\/novoportal\/wp-json\/wp\/v2\/users\/2"}],"replies":[{"embeddable":true,"href":"https:\/\/www.sudoestehoje.com.br\/novoportal\/wp-json\/wp\/v2\/comments?post=23047"}],"version-history":[{"count":3,"href":"https:\/\/www.sudoestehoje.com.br\/novoportal\/wp-json\/wp\/v2\/posts\/23047\/revisions"}],"predecessor-version":[{"id":23049,"href":"https:\/\/www.sudoestehoje.com.br\/novoportal\/wp-json\/wp\/v2\/posts\/23047\/revisions\/23049"}],"wp:attachment":[{"href":"https:\/\/www.sudoestehoje.com.br\/novoportal\/wp-json\/wp\/v2\/media?parent=23047"}],"wp:term":[{"taxonomy":"category","embeddable":true,"href":"https:\/\/www.sudoestehoje.com.br\/novoportal\/wp-json\/wp\/v2\/categories?post=23047"},{"taxonomy":"post_tag","embeddable":true,"href":"https:\/\/www.sudoestehoje.com.br\/novoportal\/wp-json\/wp\/v2\/tags?post=23047"}],"curies":[{"name":"wp","href":"https:\/\/api.w.org\/{rel}","templated":true}]}}