
{"id":23037,"date":"2012-12-25T10:03:29","date_gmt":"2012-12-25T13:03:29","guid":{"rendered":"http:\/\/www.sudoestehoje.com.br\/novoportal\/?p=23037"},"modified":"2012-12-25T11:29:10","modified_gmt":"2012-12-25T14:29:10","slug":"dona-cano-morre-aos-105-anos","status":"publish","type":"post","link":"https:\/\/www.sudoestehoje.com.br\/novoportal\/2012\/12\/25\/dona-cano-morre-aos-105-anos\/","title":{"rendered":"DONA CAN\u00d4 MORRE AOS 105 ANOS"},"content":{"rendered":"<p><img decoding=\"async\" class=\"aligncenter\" src=\"http:\/\/1.bp.blogspot.com\/_xJWx_ARTOHk\/S2iX0Xr5g9I\/AAAAAAAAATE\/a-FVb3i6xic\/s400\/donacano7.jpg\" alt=\"\" width=\"500\" \/><\/p>\n<p style=\"text-align: center;\">\u00a0<em>M\u00e2e de Caetano e M\u00aa Bet\u00e2nia\u00a0morreu em casa, ao lado dos filhos<\/em><\/p>\n<p>&nbsp;<\/p>\n<p>SANTO AMARO DA PURIFICA\u00c7\u00c3O: A matriarca da fam\u00edlia Veloso, Claudionor Viana Teles Veloso, mais conhecida como Dona Can\u00f4, morreu nesta ter\u00e7a-feira (25).\u00a0A m\u00e3e do cantor e compositor Caetano Veloso e da int\u00e9rprete Maria Bet\u00e2nia morreu em casa, em Santo Amaro, para onde foi encaminhada na semana passada depois de uma interna\u00e7\u00e3o no Hospital S\u00e3o Rafael. A not\u00edcia gerou uma grande como\u00e7\u00e3o na cidade dos Veloso e tamb\u00e9m no pa\u00eds, onde j\u00e1 foi divulgada pela televis\u00e3o.<\/p>\n<p>Com 105 anos, ela esteve internada por seis dias no Hospital S\u00e3o Rafael, em Salvador, antes de receber alta m\u00e9dica na \u00faltima sexta (21). Ela havia sofrido um ataque isqu\u00eamico cerebral, que causa redu\u00e7\u00e3o do fluxo de sangue nas art\u00e9rias do c\u00e9rebro, de acordo com o boletim m\u00e9dico.<\/p>\n<p>Segundo Edson Nascimento, amigo da fam\u00edlia, Dona Can\u00f4 pediu um vestido novo e branco para deixar a unidade m\u00e9dica. Ela foi para Santo Amaro acompanhada da filha Mabel. Maria Beth\u00e2nia, que adiou um show previsto para esta segunda-feira, acompanhou a transfer\u00eancia da m\u00e3e em outro carro at\u00e9 Santo Amaro.<\/p>\n<p>O vel\u00f3rio de Dona Can\u00f4 ser\u00e1 realizado nesta ter\u00e7a-feira (25), a partir das 17h (de Bras\u00edlia), no Memorial Caetano Veloso, em Santo Amaro da Purifica\u00e7\u00e3o, no Rec\u00f4ncavo baiano. O sepultamento, que acontecer\u00e1 nesta quarta (26), ainda n\u00e3o tem hor\u00e1rio definido.<\/p>\n<p><strong><em>Da Reda\u00e7\u00e3o<\/em><\/strong><\/p>\n","protected":false},"excerpt":{"rendered":"<p>\u00a0M\u00e2e de Caetano e M\u00aa Bet\u00e2nia\u00a0morreu em casa, ao lado dos filhos &nbsp; SANTO AMARO DA PURIFICA\u00c7\u00c3O: A matriarca da fam\u00edlia Veloso, Claudionor Viana Teles Veloso, mais conhecida como Dona Can\u00f4, morreu nesta ter\u00e7a-feira (25).\u00a0A m\u00e3e do cantor e compositor Caetano Veloso e da int\u00e9rprete Maria Bet\u00e2nia morreu em casa, em Santo Amaro, para onde [&hellip;]<\/p>\n","protected":false},"author":2,"featured_media":0,"comment_status":"open","ping_status":"open","sticky":false,"template":"","format":"standard","meta":{"footnotes":"","_links_to":"","_links_to_target":""},"categories":[1],"tags":[],"class_list":["post-23037","post","type-post","status-publish","format-standard","hentry","category-geral"],"views":1332,"_links":{"self":[{"href":"https:\/\/www.sudoestehoje.com.br\/novoportal\/wp-json\/wp\/v2\/posts\/23037","targetHints":{"allow":["GET"]}}],"collection":[{"href":"https:\/\/www.sudoestehoje.com.br\/novoportal\/wp-json\/wp\/v2\/posts"}],"about":[{"href":"https:\/\/www.sudoestehoje.com.br\/novoportal\/wp-json\/wp\/v2\/types\/post"}],"author":[{"embeddable":true,"href":"https:\/\/www.sudoestehoje.com.br\/novoportal\/wp-json\/wp\/v2\/users\/2"}],"replies":[{"embeddable":true,"href":"https:\/\/www.sudoestehoje.com.br\/novoportal\/wp-json\/wp\/v2\/comments?post=23037"}],"version-history":[{"count":9,"href":"https:\/\/www.sudoestehoje.com.br\/novoportal\/wp-json\/wp\/v2\/posts\/23037\/revisions"}],"predecessor-version":[{"id":23041,"href":"https:\/\/www.sudoestehoje.com.br\/novoportal\/wp-json\/wp\/v2\/posts\/23037\/revisions\/23041"}],"wp:attachment":[{"href":"https:\/\/www.sudoestehoje.com.br\/novoportal\/wp-json\/wp\/v2\/media?parent=23037"}],"wp:term":[{"taxonomy":"category","embeddable":true,"href":"https:\/\/www.sudoestehoje.com.br\/novoportal\/wp-json\/wp\/v2\/categories?post=23037"},{"taxonomy":"post_tag","embeddable":true,"href":"https:\/\/www.sudoestehoje.com.br\/novoportal\/wp-json\/wp\/v2\/tags?post=23037"}],"curies":[{"name":"wp","href":"https:\/\/api.w.org\/{rel}","templated":true}]}}