
{"id":23026,"date":"2012-12-24T22:36:50","date_gmt":"2012-12-25T01:36:50","guid":{"rendered":"http:\/\/www.sudoestehoje.com.br\/novoportal\/?p=23026"},"modified":"2012-12-24T23:01:17","modified_gmt":"2012-12-25T02:01:17","slug":"policial-militar-e-duas-menores-morreram-no-acidente-da-peroba","status":"publish","type":"post","link":"https:\/\/www.sudoestehoje.com.br\/novoportal\/2012\/12\/24\/policial-militar-e-duas-menores-morreram-no-acidente-da-peroba\/","title":{"rendered":"POLICIAL MILITAR E DUAS MENORES MORRERAM NO ACIDENTE DA PEROBA"},"content":{"rendered":"<p style=\"text-align: center;\"><em>Foto: Keile Ara\u00fajo<\/em><\/p>\n<p><img decoding=\"async\" class=\"aligncenter\" src=\"http:\/\/itororoja.com.br\/wp-content\/uploads\/2012\/12\/Daleno-01.jpg\" alt=\"\" width=\"500\" \/><\/p>\n<p>&nbsp;<\/p>\n<p>ITAPETINGA: As tr\u00eas v\u00edtimas fatais no acidente ocorrido hoje \u00e0 tarde na ladeira da Peroba, entre Itapetinga e Itoror\u00f3, acabam de ser identificadas. O motorista do Astra \u00e9 o policial e micro empres\u00e1rio\u00a0Daleno Freire de 26 anos, conhecido na cidade por \u201cTerenso\u201d, \u00a0que voltava de Itapetinga com destino a Itoror\u00f3, onde residia.<\/p>\n<p><img decoding=\"async\" class=\"aligncenter\" src=\"http:\/\/itororoja.com.br\/wp-content\/uploads\/2012\/12\/barbara-e-jaqueline1.jpg\" alt=\"\" width=\"500\" \/><\/p>\n<p style=\"text-align: center;\"><em>Jovens eram da cidade de Itoror\u00f3<\/em><\/p>\n<p>As outras duas v\u00edtimas foram as menores\u00a0Jaqueline Santos Silva de 17 anos e B\u00e1rbara Coelho Silva de 14 anos.\u00a0Daleno e as duas jovens, eram moradores da cidade de Itoror\u00f3. O policial trabalhava na Unidade de Pol\u00edcia Pacificadora de Vit\u00f3ria da Conquista. Os corpos das tr\u00eas v\u00edtimas foram encaminhados para necr\u00f3psia em Vit\u00f3ria da Conquista. Informa\u00e7\u00f5es dos blogs<\/p>\n<p>VEJA O VIDEO:<\/p>\n<p>http:\/\/www.youtube.com\/watch?feature=player_embedded&#038;v=uti6HLJ_m2Q<\/p>\n<p><strong><em>Da Reda\u00e7\u00e3o<\/em><\/strong><\/p>\n","protected":false},"excerpt":{"rendered":"<p>Foto: Keile Ara\u00fajo &nbsp; ITAPETINGA: As tr\u00eas v\u00edtimas fatais no acidente ocorrido hoje \u00e0 tarde na ladeira da Peroba, entre Itapetinga e Itoror\u00f3, acabam de ser identificadas. O motorista do Astra \u00e9 o policial e micro empres\u00e1rio\u00a0Daleno Freire de 26 anos, conhecido na cidade por \u201cTerenso\u201d, \u00a0que voltava de Itapetinga com destino a Itoror\u00f3, onde [&hellip;]<\/p>\n","protected":false},"author":2,"featured_media":0,"comment_status":"open","ping_status":"open","sticky":false,"template":"","format":"standard","meta":{"footnotes":"","_links_to":"","_links_to_target":""},"categories":[1],"tags":[],"class_list":["post-23026","post","type-post","status-publish","format-standard","hentry","category-geral"],"views":1504,"_links":{"self":[{"href":"https:\/\/www.sudoestehoje.com.br\/novoportal\/wp-json\/wp\/v2\/posts\/23026","targetHints":{"allow":["GET"]}}],"collection":[{"href":"https:\/\/www.sudoestehoje.com.br\/novoportal\/wp-json\/wp\/v2\/posts"}],"about":[{"href":"https:\/\/www.sudoestehoje.com.br\/novoportal\/wp-json\/wp\/v2\/types\/post"}],"author":[{"embeddable":true,"href":"https:\/\/www.sudoestehoje.com.br\/novoportal\/wp-json\/wp\/v2\/users\/2"}],"replies":[{"embeddable":true,"href":"https:\/\/www.sudoestehoje.com.br\/novoportal\/wp-json\/wp\/v2\/comments?post=23026"}],"version-history":[{"count":6,"href":"https:\/\/www.sudoestehoje.com.br\/novoportal\/wp-json\/wp\/v2\/posts\/23026\/revisions"}],"predecessor-version":[{"id":23029,"href":"https:\/\/www.sudoestehoje.com.br\/novoportal\/wp-json\/wp\/v2\/posts\/23026\/revisions\/23029"}],"wp:attachment":[{"href":"https:\/\/www.sudoestehoje.com.br\/novoportal\/wp-json\/wp\/v2\/media?parent=23026"}],"wp:term":[{"taxonomy":"category","embeddable":true,"href":"https:\/\/www.sudoestehoje.com.br\/novoportal\/wp-json\/wp\/v2\/categories?post=23026"},{"taxonomy":"post_tag","embeddable":true,"href":"https:\/\/www.sudoestehoje.com.br\/novoportal\/wp-json\/wp\/v2\/tags?post=23026"}],"curies":[{"name":"wp","href":"https:\/\/api.w.org\/{rel}","templated":true}]}}