
{"id":23017,"date":"2012-12-24T19:51:27","date_gmt":"2012-12-24T22:51:27","guid":{"rendered":"http:\/\/www.sudoestehoje.com.br\/novoportal\/?p=23017"},"modified":"2012-12-24T19:51:27","modified_gmt":"2012-12-24T22:51:27","slug":"novo-salario-minimo-sera-de-r-67800","status":"publish","type":"post","link":"https:\/\/www.sudoestehoje.com.br\/novoportal\/2012\/12\/24\/novo-salario-minimo-sera-de-r-67800\/","title":{"rendered":"NOVO SAL\u00c1RIO M\u00cdNIMO SER\u00c1 DE R$ 678,00"},"content":{"rendered":"<p><img decoding=\"async\" class=\"aligncenter\" src=\"http:\/\/1.bp.blogspot.com\/-47wq8P7eZrU\/UK4MEbtuuwI\/AAAAAAAABBw\/SK9xVQ2dkEA\/s1600\/novo-salario-minimo-221111-toninho-humor-politico.jpg\" alt=\"\" width=\"400\" \/><\/p>\n<p>&nbsp;<\/p>\n<p>A ministra da Casa Civil, Gleisi Hoffmann, anunciou nesta segunda-feira (24) que o sal\u00e1rio m\u00ednimo ser\u00e1 de R$ 678 a partir de janeiro de 2013. \u201cEla [presidente Dilma] fez quest\u00e3o que isso acontece hoje, na v\u00e9spera do Natal\u201d, disse a titular, ao lado do secret\u00e1rio-executivo do Minist\u00e9rio da Fazenda, Nelson Barbosa, e da ministra-chefe da Secretaria de Comunica\u00e7\u00e3o Social, Helena Chagas. O novo valor ser\u00e1 publicado em decreto na pr\u00f3xima quarta (26). Segundo Gleisi, haver\u00e1 um reajuste de aproximadamente 9% sobre o atual sal\u00e1rio m\u00ednimo, com varia\u00e7\u00e3o real de 2,73% mais a reposi\u00e7\u00e3o da infla\u00e7\u00e3o pelo \u00cdndice Nacional de Pre\u00e7os ao Consumidor (INPC) de 6,1%.<\/p>\n","protected":false},"excerpt":{"rendered":"<p>&nbsp; A ministra da Casa Civil, Gleisi Hoffmann, anunciou nesta segunda-feira (24) que o sal\u00e1rio m\u00ednimo ser\u00e1 de R$ 678 a partir de janeiro de 2013. \u201cEla [presidente Dilma] fez quest\u00e3o que isso acontece hoje, na v\u00e9spera do Natal\u201d, disse a titular, ao lado do secret\u00e1rio-executivo do Minist\u00e9rio da Fazenda, Nelson Barbosa, e da ministra-chefe [&hellip;]<\/p>\n","protected":false},"author":2,"featured_media":0,"comment_status":"open","ping_status":"open","sticky":false,"template":"","format":"standard","meta":{"footnotes":"","_links_to":"","_links_to_target":""},"categories":[1],"tags":[],"class_list":["post-23017","post","type-post","status-publish","format-standard","hentry","category-geral"],"views":1117,"_links":{"self":[{"href":"https:\/\/www.sudoestehoje.com.br\/novoportal\/wp-json\/wp\/v2\/posts\/23017","targetHints":{"allow":["GET"]}}],"collection":[{"href":"https:\/\/www.sudoestehoje.com.br\/novoportal\/wp-json\/wp\/v2\/posts"}],"about":[{"href":"https:\/\/www.sudoestehoje.com.br\/novoportal\/wp-json\/wp\/v2\/types\/post"}],"author":[{"embeddable":true,"href":"https:\/\/www.sudoestehoje.com.br\/novoportal\/wp-json\/wp\/v2\/users\/2"}],"replies":[{"embeddable":true,"href":"https:\/\/www.sudoestehoje.com.br\/novoportal\/wp-json\/wp\/v2\/comments?post=23017"}],"version-history":[{"count":4,"href":"https:\/\/www.sudoestehoje.com.br\/novoportal\/wp-json\/wp\/v2\/posts\/23017\/revisions"}],"predecessor-version":[{"id":23021,"href":"https:\/\/www.sudoestehoje.com.br\/novoportal\/wp-json\/wp\/v2\/posts\/23017\/revisions\/23021"}],"wp:attachment":[{"href":"https:\/\/www.sudoestehoje.com.br\/novoportal\/wp-json\/wp\/v2\/media?parent=23017"}],"wp:term":[{"taxonomy":"category","embeddable":true,"href":"https:\/\/www.sudoestehoje.com.br\/novoportal\/wp-json\/wp\/v2\/categories?post=23017"},{"taxonomy":"post_tag","embeddable":true,"href":"https:\/\/www.sudoestehoje.com.br\/novoportal\/wp-json\/wp\/v2\/tags?post=23017"}],"curies":[{"name":"wp","href":"https:\/\/api.w.org\/{rel}","templated":true}]}}