
{"id":23014,"date":"2012-12-24T19:33:10","date_gmt":"2012-12-24T22:33:10","guid":{"rendered":"http:\/\/www.sudoestehoje.com.br\/novoportal\/?p=23014"},"modified":"2012-12-24T20:11:10","modified_gmt":"2012-12-24T23:11:10","slug":"itapetinga-tres-pessoas-morrem-em-acidente-na-ba-263","status":"publish","type":"post","link":"https:\/\/www.sudoestehoje.com.br\/novoportal\/2012\/12\/24\/itapetinga-tres-pessoas-morrem-em-acidente-na-ba-263\/","title":{"rendered":"ITAPETINGA: TR\u00caS PESSOAS MORREM EM ACIDENTE NA BA-263"},"content":{"rendered":"<div><img decoding=\"async\" class=\"aligncenter\" src=\"http:\/\/www.bahianoticias.com.br\/fotos\/principal_noticias\/128397\/IMAGEM_NOTICIA_5.jpg\" alt=\"Itapetinga: Tr\u00eas pessoas morrem em acidente na BA-263\" width=\"500\" \/><\/div>\n<div><\/div>\n<div><\/div>\n<div>Tr\u00eas pessoas morreram em um acidente na BA-263 tarde desta segunda-feira (24), segundo informa\u00e7\u00f5es da Pol\u00edcia Rodovi\u00e1ria Estadual (PRE). A batida entre um caminh\u00e3o e um Astra aconteceu no trecho da rodovia que liga Itapetinga a Itoror\u00f3, no sudoeste baiano.<\/div>\n<div>\n<p>Com a batida frontal, o caminh\u00e3o destruiu completamente o Astra. Por conta disso, segundo a PRE, o n\u00famero de mortos ainda \u00e9 preliminar, j\u00e1 que s\u00f3 agora um guincho remove o caminh\u00e3o de cima do ve\u00edculo de passeio. Somente assim ser\u00e1 poss\u00edvel ter certeza de quantos passageiros estavam no Astra no momento da batida e foram vitimados.<\/p>\n<\/div>\n<div><img decoding=\"async\" class=\"aligncenter\" src=\"http:\/\/1.bp.blogspot.com\/-pzGagju9Qpw\/UNjM6sEcvdI\/AAAAAAAAL_I\/p_4MLLA1QYs\/s640\/%C3%A7df.jpg\" alt=\"\" width=\"500\" \/><\/div>\n<div style=\"text-align: center;\"><em>Caminh\u00e3o bateu de frente com Astra (Fotos:\u00a0Itapetinga rep\u00f3rter)<\/em><\/div>\n<div>\n<p>O motorista do caminh\u00e3o sobreviveu com ferimentos leves. Ele contou que vinha de Potiragu\u00e1 e quando entrou em uma curva j\u00e1 viu o Astra rodopiando em sua dire\u00e7\u00e3o &#8211; o ve\u00edculo de passeio vinha no sentido Itapetinga-Itoror\u00f3, mas entrou na contram\u00e3o. O caminhoneiro disse que tentou desviar, sem sucesso, e n\u00e3o conseguiu evitar a batida. Depois do choque, os dois ve\u00edculos foram parar em um matagal ao lado do acostamento.<\/p>\n<p>O caso ser\u00e1 registrado na delegacia de Itapetinga, que deve ouvir formalmente o motorista. Segundo a PRE, somente uma per\u00edcia pode confirmar a vers\u00e3o dele e determinar exatamente o que aconteceu.<\/p>\n<\/div>\n","protected":false},"excerpt":{"rendered":"<p>Tr\u00eas pessoas morreram em um acidente na BA-263 tarde desta segunda-feira (24), segundo informa\u00e7\u00f5es da Pol\u00edcia Rodovi\u00e1ria Estadual (PRE). A batida entre um caminh\u00e3o e um Astra aconteceu no trecho da rodovia que liga Itapetinga a Itoror\u00f3, no sudoeste baiano. Com a batida frontal, o caminh\u00e3o destruiu completamente o Astra. Por conta disso, segundo a [&hellip;]<\/p>\n","protected":false},"author":2,"featured_media":0,"comment_status":"open","ping_status":"open","sticky":false,"template":"","format":"standard","meta":{"footnotes":"","_links_to":"","_links_to_target":""},"categories":[1],"tags":[],"class_list":["post-23014","post","type-post","status-publish","format-standard","hentry","category-geral"],"views":2597,"_links":{"self":[{"href":"https:\/\/www.sudoestehoje.com.br\/novoportal\/wp-json\/wp\/v2\/posts\/23014","targetHints":{"allow":["GET"]}}],"collection":[{"href":"https:\/\/www.sudoestehoje.com.br\/novoportal\/wp-json\/wp\/v2\/posts"}],"about":[{"href":"https:\/\/www.sudoestehoje.com.br\/novoportal\/wp-json\/wp\/v2\/types\/post"}],"author":[{"embeddable":true,"href":"https:\/\/www.sudoestehoje.com.br\/novoportal\/wp-json\/wp\/v2\/users\/2"}],"replies":[{"embeddable":true,"href":"https:\/\/www.sudoestehoje.com.br\/novoportal\/wp-json\/wp\/v2\/comments?post=23014"}],"version-history":[{"count":4,"href":"https:\/\/www.sudoestehoje.com.br\/novoportal\/wp-json\/wp\/v2\/posts\/23014\/revisions"}],"predecessor-version":[{"id":23022,"href":"https:\/\/www.sudoestehoje.com.br\/novoportal\/wp-json\/wp\/v2\/posts\/23014\/revisions\/23022"}],"wp:attachment":[{"href":"https:\/\/www.sudoestehoje.com.br\/novoportal\/wp-json\/wp\/v2\/media?parent=23014"}],"wp:term":[{"taxonomy":"category","embeddable":true,"href":"https:\/\/www.sudoestehoje.com.br\/novoportal\/wp-json\/wp\/v2\/categories?post=23014"},{"taxonomy":"post_tag","embeddable":true,"href":"https:\/\/www.sudoestehoje.com.br\/novoportal\/wp-json\/wp\/v2\/tags?post=23014"}],"curies":[{"name":"wp","href":"https:\/\/api.w.org\/{rel}","templated":true}]}}