
{"id":22984,"date":"2012-12-23T09:11:30","date_gmt":"2012-12-23T12:11:30","guid":{"rendered":"http:\/\/www.sudoestehoje.com.br\/novoportal\/?p=22984"},"modified":"2012-12-23T09:12:50","modified_gmt":"2012-12-23T12:12:50","slug":"acm-neto-vai-entregar-metro-calca-curta-a-wagner","status":"publish","type":"post","link":"https:\/\/www.sudoestehoje.com.br\/novoportal\/2012\/12\/23\/acm-neto-vai-entregar-metro-calca-curta-a-wagner\/","title":{"rendered":"ACM NETO VAI ENTREGAR METR\u00d4 &#8220;CAL\u00c7A CURTA&#8221; PARA O ESTADO"},"content":{"rendered":"<p><img decoding=\"async\" class=\"aligncenter\" src=\"http:\/\/www.brasil247.com\/images\/cache\/1000x357\/crop_0_216_1207_647\/images%7Ccms-image-000297754.jpg\" alt=\"Divulga\u00e7\u00e3o: Metr\u00f4, Salvador, prefeitura, estado\" width=\"500\" \/><\/p>\n<p>&nbsp;<\/p>\n<p>SALVADOR: O &#8216;metr\u00f4 cal\u00e7a curta&#8217;, que tamb\u00e9m \u00e9 conhecido como &#8216;elefante branco&#8217; e que \u00e9 constru\u00eddo h\u00e1 13 anos e ainda n\u00e3o tem previs\u00e3o de funcionamento, pode passar sua concess\u00e3o da Prefeitura de Salvador para o governo do estado num futuro pr\u00f3ximo.<\/p>\n<p>De acordo com mat\u00e9ria do Correio, a equipe de transi\u00e7\u00e3o do prefeito eleito ACM Neto (DEM) inicia na pr\u00f3xima semana um estudo para transferir a administra\u00e7\u00e3o n\u00e3o s\u00f3 da chamada Linha 1 do metr\u00f4, mas tamb\u00e9m dos trens do sub\u00farbio ferrovi\u00e1rio.<!--more--><\/p>\n<p>A Linha 1, ou metr\u00f4 cal\u00e7a curta, tem sistema total de 12 quil\u00f4metros, cujo percurso vai da Esta\u00e7\u00e3o da Lapa \u00e0 de Piraj\u00e1. At\u00e9 ent\u00e3o est\u00e1 pronta apenas a primeira etapa, com seis quil\u00f4metros, que vai da Lapa ao Acesso Norte (R\u00f3tula do Abacaxi).<\/p>\n<p>Segundo o Correio, ser\u00e1 realizada uma averigua\u00e7\u00e3o na Companhia de Transportes de Salvador (CTS) \u2013 empresa municipal respons\u00e1vel por gerir os modais \u2013 para que o Estado a assuma e a inclua na Parceria P\u00fablico-Privada (PPP) que far\u00e1 a liga\u00e7\u00e3o Acesso Norte-Aeroporto e concluir\u00e1 as obras do primeiro tramo.<\/p>\n<p>&#8220;Nos comprometemos a submeter o protocolo para averigua\u00e7\u00e3o da situa\u00e7\u00e3o atual da empresa CTS, para eventual transfer\u00eancia. Vamos fazer os balan\u00e7os financeiros, patrimoniais, quais s\u00e3o os ativos&#8221;, afirmou Jos\u00e9 Carlos Aleluia (DEM), futuro secret\u00e1rio de Urbanismo e Transporte.<\/p>\n<p>Aleluia se encontrou novamente nesta sexta-feira com o chefe da Casa Civil do Estado, Rui Costa, e com o titular de Desenvolvimento Urbano, C\u00edcero Monteiro.<\/p>\n<p>&#8220;Estamos discutindo para que esse d\u00e9ficit desapare\u00e7a. Vamos passar para o Estado, e a prefeitura vai dar contrapartida dando viabilidade do metr\u00f4. Antes se analisava o metr\u00f4 como pe\u00e7a isolada da cidade, mas vai ser uma pe\u00e7a fundamental no sistema de transporte&#8221;, disse Aleluia.<\/p>\n<p>Segundo ele, as locomotivas suburbanas tamb\u00e9m ser\u00e3o transferidas porque geram um preju\u00edzo mensal de R$ 2 milh\u00f5es \u00e0 prefeitura.<\/p>\n<p>Se houver mesmo transfer\u00eancia do Munic\u00edpio para o Estado, o governo poder\u00e1 realizar licita\u00e7\u00e3o j\u00e1 em janeiro de todo o sistema, inclusive o metr\u00f4 da Paralela, anunciado por Jaques Wagner para ligar Salvador a Lauro de Freitas.<\/p>\n<p>&nbsp;<\/p>\n<div><\/div>\n<div id=\"comments\"><\/div>\n","protected":false},"excerpt":{"rendered":"<p>&nbsp; SALVADOR: O &#8216;metr\u00f4 cal\u00e7a curta&#8217;, que tamb\u00e9m \u00e9 conhecido como &#8216;elefante branco&#8217; e que \u00e9 constru\u00eddo h\u00e1 13 anos e ainda n\u00e3o tem previs\u00e3o de funcionamento, pode passar sua concess\u00e3o da Prefeitura de Salvador para o governo do estado num futuro pr\u00f3ximo. De acordo com mat\u00e9ria do Correio, a equipe de transi\u00e7\u00e3o do prefeito [&hellip;]<\/p>\n","protected":false},"author":2,"featured_media":0,"comment_status":"open","ping_status":"open","sticky":false,"template":"","format":"standard","meta":{"footnotes":"","_links_to":"","_links_to_target":""},"categories":[1],"tags":[],"class_list":["post-22984","post","type-post","status-publish","format-standard","hentry","category-geral"],"views":1257,"_links":{"self":[{"href":"https:\/\/www.sudoestehoje.com.br\/novoportal\/wp-json\/wp\/v2\/posts\/22984","targetHints":{"allow":["GET"]}}],"collection":[{"href":"https:\/\/www.sudoestehoje.com.br\/novoportal\/wp-json\/wp\/v2\/posts"}],"about":[{"href":"https:\/\/www.sudoestehoje.com.br\/novoportal\/wp-json\/wp\/v2\/types\/post"}],"author":[{"embeddable":true,"href":"https:\/\/www.sudoestehoje.com.br\/novoportal\/wp-json\/wp\/v2\/users\/2"}],"replies":[{"embeddable":true,"href":"https:\/\/www.sudoestehoje.com.br\/novoportal\/wp-json\/wp\/v2\/comments?post=22984"}],"version-history":[{"count":4,"href":"https:\/\/www.sudoestehoje.com.br\/novoportal\/wp-json\/wp\/v2\/posts\/22984\/revisions"}],"predecessor-version":[{"id":22987,"href":"https:\/\/www.sudoestehoje.com.br\/novoportal\/wp-json\/wp\/v2\/posts\/22984\/revisions\/22987"}],"wp:attachment":[{"href":"https:\/\/www.sudoestehoje.com.br\/novoportal\/wp-json\/wp\/v2\/media?parent=22984"}],"wp:term":[{"taxonomy":"category","embeddable":true,"href":"https:\/\/www.sudoestehoje.com.br\/novoportal\/wp-json\/wp\/v2\/categories?post=22984"},{"taxonomy":"post_tag","embeddable":true,"href":"https:\/\/www.sudoestehoje.com.br\/novoportal\/wp-json\/wp\/v2\/tags?post=22984"}],"curies":[{"name":"wp","href":"https:\/\/api.w.org\/{rel}","templated":true}]}}