
{"id":22960,"date":"2012-12-23T10:00:38","date_gmt":"2012-12-23T13:00:38","guid":{"rendered":"http:\/\/www.sudoestehoje.com.br\/novoportal\/?p=22960"},"modified":"2012-12-24T09:51:26","modified_gmt":"2012-12-24T12:51:26","slug":"natal-sem-decimo-terceiro-e","status":"publish","type":"post","link":"https:\/\/www.sudoestehoje.com.br\/novoportal\/2012\/12\/23\/natal-sem-decimo-terceiro-e\/","title":{"rendered":"NATAL SEM D\u00c9CIMO TERCEIRO \u00c9&#8230;"},"content":{"rendered":"<p><img decoding=\"async\" class=\"aligncenter\" src=\"http:\/\/3.bp.blogspot.com\/__9fDrsRG_cA\/TP4pBvIhtTI\/AAAAAAAAJFI\/wFMBuyRxClI\/s1600\/Decimo-terceiro.jpg\" alt=\"\" width=\"500\" \/><\/p>\n<p>&nbsp;<\/p>\n<p>ITAPETINGA: A gastan\u00e7a desenfreada e sem limites na reelei\u00e7\u00e3o do prefeito Z\u00e9 Carlos acabou gerando um situa\u00e7\u00e3o complicad\u00edssima para a prefeitura de Itapetinga, cujos reflexos vieram \u00e0 tona neste final de ano. O principal deles \u00e9 a falta de recursos para pagamento do d\u00e9cimo terceiro sal\u00e1rio do funcionalismo, sem contar com o atraso salarial de terceirizados e nomeados, que choram pelos cantos, o tardio arrependimento.<\/p>\n<p>No caso dos mais de 200 terceirizados da SERCOM, por exemplo, a situa\u00e7\u00e3o \u00e9 insol\u00favel, pois a d\u00edvida da prefeitura com a empresa j\u00e1 ultrapassa a estratosf\u00e9rica cifra de R$ 1 milh\u00e3o e 700 mil reais e a prefeitura n\u00e3o tem nenhum tost\u00e3o nos cofres, para honrar com os pagamentos. A grana j\u00e1 evaporou, faz tempo. \u00a0Por conta disto, tr\u00eas meses de sal\u00e1rios dos famosos contratados j\u00e1 foram para o espa\u00e7o e ningu\u00e9m tem, sequer, o direito de &#8216;chiar&#8217;, sen\u00e3o pode ficar fora de futuras contrata\u00e7\u00f5es.<!--more--><\/p>\n<p>\u00c0s turras com o pessoal da prefeitura, o propriet\u00e1rio da Sercom vive momentos de desespero, pois ter\u00e1 que arcar com todo o preju\u00edzo, caso n\u00e3o receba os repasses contratados com o munic\u00edpio. Comenta-se que o cara j\u00e1 sofreu dois infartos, por conta disto. Mesmo n\u00e3o honrando o contrato com a Sercom, dirigentes municipais t\u00eam orientado os terceirizados a reclamar contra a empresa na Justi\u00e7a do Trabalho.<\/p>\n<p>Quanto aos servidores de livre nomea\u00e7\u00e3o do prefeito, os chamados &#8216;cargos de confian\u00e7a&#8217;, tamb\u00e9m n\u00e3o t\u00eam visto a cor dos seus gordos sal\u00e1rios h\u00e1 meses, mas h\u00e1 quem afirme que a &#8216;c\u00fapula&#8217; dominante recebe tudo em dia, turbinado por generosas comiss\u00f5es, como sempre aconteceu. Estes tamb\u00e9m t\u00eam que engolir tudo \u00e0 seco, para garantirem seus empregos.<\/p>\n<p>A situa\u00e7\u00e3o mais curiosa \u00e9 a dos servidores ligados \u00e0 Secretaria de Educa\u00e7\u00e3o, considerada a &#8216;joia da coroa&#8217;, que tamb\u00e9m est\u00e3o amargando a falta do d\u00e9cimo terceiro sal\u00e1rio de 2012, enquanto seus superiores detonam boa parte dos recursos destinados \u00e0 educa\u00e7\u00e3o em solenidades para receber &#8216;honrarias&#8217; Brasil afora, propagando uma falsa imagem de sucesso nos \u00edndices educacionais e &#8216;efici\u00eancia&#8217; na ca\u00f3tica e incompetente gest\u00e3o, \u00e0s custas da desgra\u00e7a alheia.<\/p>\n<p>No meio do burburinho, os &#8216;apelegados&#8217; sindicalistas ligados aos servidores da educa\u00e7\u00e3o cruzam os bra\u00e7os, enquanto os dirigentes do Sinditatiba se degladiam para ver quem mais meteu a m\u00e3o nas contribui\u00e7\u00f5es sindicais pagas pelos servidores, e por a\u00ed vai&#8230;<\/p>\n<p>Quem disse que o mundo n\u00e3o acabou?<\/p>\n<p><strong><em>Por Davi Ferraz\u00a0<\/em><\/strong><\/p>\n","protected":false},"excerpt":{"rendered":"<p>&nbsp; ITAPETINGA: A gastan\u00e7a desenfreada e sem limites na reelei\u00e7\u00e3o do prefeito Z\u00e9 Carlos acabou gerando um situa\u00e7\u00e3o complicad\u00edssima para a prefeitura de Itapetinga, cujos reflexos vieram \u00e0 tona neste final de ano. O principal deles \u00e9 a falta de recursos para pagamento do d\u00e9cimo terceiro sal\u00e1rio do funcionalismo, sem contar com o atraso salarial [&hellip;]<\/p>\n","protected":false},"author":2,"featured_media":0,"comment_status":"open","ping_status":"open","sticky":false,"template":"","format":"standard","meta":{"footnotes":"","_links_to":"","_links_to_target":""},"categories":[1],"tags":[],"class_list":["post-22960","post","type-post","status-publish","format-standard","hentry","category-geral"],"views":3344,"_links":{"self":[{"href":"https:\/\/www.sudoestehoje.com.br\/novoportal\/wp-json\/wp\/v2\/posts\/22960","targetHints":{"allow":["GET"]}}],"collection":[{"href":"https:\/\/www.sudoestehoje.com.br\/novoportal\/wp-json\/wp\/v2\/posts"}],"about":[{"href":"https:\/\/www.sudoestehoje.com.br\/novoportal\/wp-json\/wp\/v2\/types\/post"}],"author":[{"embeddable":true,"href":"https:\/\/www.sudoestehoje.com.br\/novoportal\/wp-json\/wp\/v2\/users\/2"}],"replies":[{"embeddable":true,"href":"https:\/\/www.sudoestehoje.com.br\/novoportal\/wp-json\/wp\/v2\/comments?post=22960"}],"version-history":[{"count":7,"href":"https:\/\/www.sudoestehoje.com.br\/novoportal\/wp-json\/wp\/v2\/posts\/22960\/revisions"}],"predecessor-version":[{"id":22963,"href":"https:\/\/www.sudoestehoje.com.br\/novoportal\/wp-json\/wp\/v2\/posts\/22960\/revisions\/22963"}],"wp:attachment":[{"href":"https:\/\/www.sudoestehoje.com.br\/novoportal\/wp-json\/wp\/v2\/media?parent=22960"}],"wp:term":[{"taxonomy":"category","embeddable":true,"href":"https:\/\/www.sudoestehoje.com.br\/novoportal\/wp-json\/wp\/v2\/categories?post=22960"},{"taxonomy":"post_tag","embeddable":true,"href":"https:\/\/www.sudoestehoje.com.br\/novoportal\/wp-json\/wp\/v2\/tags?post=22960"}],"curies":[{"name":"wp","href":"https:\/\/api.w.org\/{rel}","templated":true}]}}